{"id":2286,"date":"2020-11-24T10:52:17","date_gmt":"2020-11-24T13:52:17","guid":{"rendered":"https:\/\/ensmm-ers.infd.edu.ar\/sitio\/?p=2286"},"modified":"2020-11-24T10:52:17","modified_gmt":"2020-11-24T13:52:17","slug":"la-ciencia-no-es-neutral","status":"publish","type":"post","link":"https:\/\/ensmm-ers.infd.edu.ar\/sitio\/la-ciencia-no-es-neutral\/","title":{"rendered":"La Ciencia no es neutral"},"content":{"rendered":"<p><span style=\"color: #008080;\"><strong>\u00a1HOY!<\/strong><\/span><\/p>\n<p>Este martes <strong>24 de noviembre<\/strong> se realizar\u00e1 el primer seminario que nuclear\u00e1 a todos los niveles educativos de la ciudad y la regi\u00f3n. <strong>\u201cLa Ciencia no es neutral\u201d<\/strong> pretende mostrar el trabajo de la ciencia en los distintos niveles educativos.<\/p>\n<p>Nuestro instituto participa del encuentro donde se compartir\u00e1 proyectos realizados durante este per\u00edodo.<\/p>\n<p>Est\u00e1n invitados a seguir la videoconferencia por:<\/p>\n<p><a href=\"https:\/\/youtu.be\/IZ1BGsfl7OE\" data-saferedirecturl=\"https:\/\/www.google.com\/url?q=https:\/\/youtu.be\/IZ1BGsfl7OE&amp;source=gmail&amp;ust=1606259454070000&amp;usg=AOvVaw0isKkLUpMjy_AL4YfCyYdj\">https:\/\/youtu.be\/IZ1BGsfl7OE<\/a><\/p>\n<p><img decoding=\"async\" loading=\"lazy\" class=\"alignnone size-medium wp-image-2287\" src=\"https:\/\/ensmm-ers.infd.edu.ar\/sitio\/wp-content\/uploads\/2020\/11\/3cd356ea-6e5a-46ae-8a94-3360eac63fd3-1000x1000.jpg\" alt=\"\" width=\"1000\" height=\"1000\" srcset=\"https:\/\/ensmm-ers.infd.edu.ar\/sitio\/wp-content\/uploads\/2020\/11\/3cd356ea-6e5a-46ae-8a94-3360eac63fd3-1000x1000.jpg 1000w, https:\/\/ensmm-ers.infd.edu.ar\/sitio\/wp-content\/uploads\/2020\/11\/3cd356ea-6e5a-46ae-8a94-3360eac63fd3-500x500.jpg 500w, https:\/\/ensmm-ers.infd.edu.ar\/sitio\/wp-content\/uploads\/2020\/11\/3cd356ea-6e5a-46ae-8a94-3360eac63fd3-768x768.jpg 768w, https:\/\/ensmm-ers.infd.edu.ar\/sitio\/wp-content\/uploads\/2020\/11\/3cd356ea-6e5a-46ae-8a94-3360eac63fd3.jpg 1080w\" sizes=\"(max-width: 1000px) 100vw, 1000px\" \/><\/p>\n","protected":false},"excerpt":{"rendered":"<p>\u00a1HOY! Este martes 24 de noviembre se realizar\u00e1 el primer seminario que nuclear\u00e1 a todos los niveles educativos de la ciudad y la regi\u00f3n. \u201cLa Ciencia no es neutral\u201d pretende mostrar el trabajo de la ciencia en los distintos niveles educativos. Nuestro instituto participa del encuentro donde se compartir\u00e1 proyectos realizados durante este per\u00edodo. Est\u00e1n &#8230; <a title=\"La Ciencia no es neutral\" class=\"read-more\" href=\"https:\/\/ensmm-ers.infd.edu.ar\/sitio\/la-ciencia-no-es-neutral\/\" aria-label=\"More on La Ciencia no es neutral\">[+]<\/a><\/p>\n","protected":false},"author":577,"featured_media":2287,"comment_status":"open","ping_status":"open","sticky":false,"template":"","format":"standard","meta":[],"categories":[102,101,100],"tags":[],"acf":[],"_links":{"self":[{"href":"https:\/\/ensmm-ers.infd.edu.ar\/sitio\/wp-json\/wp\/v2\/posts\/2286"}],"collection":[{"href":"https:\/\/ensmm-ers.infd.edu.ar\/sitio\/wp-json\/wp\/v2\/posts"}],"about":[{"href":"https:\/\/ensmm-ers.infd.edu.ar\/sitio\/wp-json\/wp\/v2\/types\/post"}],"author":[{"embeddable":true,"href":"https:\/\/ensmm-ers.infd.edu.ar\/sitio\/wp-json\/wp\/v2\/users\/577"}],"replies":[{"embeddable":true,"href":"https:\/\/ensmm-ers.infd.edu.ar\/sitio\/wp-json\/wp\/v2\/comments?post=2286"}],"version-history":[{"count":1,"href":"https:\/\/ensmm-ers.infd.edu.ar\/sitio\/wp-json\/wp\/v2\/posts\/2286\/revisions"}],"predecessor-version":[{"id":2288,"href":"https:\/\/ensmm-ers.infd.edu.ar\/sitio\/wp-json\/wp\/v2\/posts\/2286\/revisions\/2288"}],"wp:featuredmedia":[{"embeddable":true,"href":"https:\/\/ensmm-ers.infd.edu.ar\/sitio\/wp-json\/wp\/v2\/media\/2287"}],"wp:attachment":[{"href":"https:\/\/ensmm-ers.infd.edu.ar\/sitio\/wp-json\/wp\/v2\/media?parent=2286"}],"wp:term":[{"taxonomy":"category","embeddable":true,"href":"https:\/\/ensmm-ers.infd.edu.ar\/sitio\/wp-json\/wp\/v2\/categories?post=2286"},{"taxonomy":"post_tag","embeddable":true,"href":"https:\/\/ensmm-ers.infd.edu.ar\/sitio\/wp-json\/wp\/v2\/tags?post=2286"}],"curies":[{"name":"wp","href":"https:\/\/api.w.org\/{rel}","templated":true}]}}