{"id":2098,"date":"2020-04-24T21:26:26","date_gmt":"2020-04-25T00:26:26","guid":{"rendered":"https:\/\/ensmm-ers.infd.edu.ar\/sitio\/?p=2098"},"modified":"2020-04-24T21:33:31","modified_gmt":"2020-04-25T00:33:31","slug":"practica-docente-2","status":"publish","type":"post","link":"https:\/\/ensmm-ers.infd.edu.ar\/sitio\/practica-docente-2\/","title":{"rendered":"Pr\u00e1ctica Docente"},"content":{"rendered":"<div class=\"layout layout--onecol\">\n<div class=\"layout__region layout__region--content\">\n<section class=\"block block-layout-builder block-field-blocknodenovedadfield-novedad-fecha clearfix\">\n<div class=\"field field--name-field-novedad-fecha field--type-datetime field--label-hidden field--item\">Desde el <span style=\"color: #008080;\"><strong>Profesorado de Educaci\u00f3n Secundaria en Filosof\u00eda\u00a0<\/strong><\/span>nos comparten una de sus clases correspondiente a la c\u00e1tedra <span style=\"color: #008080;\"><strong>Pr\u00e1ctica Docente II<\/strong><\/span>. El docente de la c\u00e1tedra Am\u00e9rico\u00a0\u00a0Schvartzman , ense\u00f1a y realiza\u00a0con sus estudiantes diversas actividades virtuales utilizando el campus del ISFD y videoconferencias.<\/div>\n<div><span class=\"diy96o5h\"><span data-offset-key=\"9jtfd-0-0\">#CLASESVIRTUALES<\/span><\/span> <span class=\"diy96o5h\"><span data-offset-key=\"9jtfd-2-0\">#YOMEQUEDOENCASA<\/span><\/span> <span class=\"diy96o5h\"><span data-offset-key=\"9jtfd-4-0\">#FILOSOF\u00cdA<\/span><\/span><\/div>\n<\/section>\n<div>\n<hr \/>\n<\/div>\n<section class=\"block block-layout-builder block-field-blocknodenovedadfield-novedad-fecha clearfix\">\n<div><img decoding=\"async\" loading=\"lazy\" class=\"alignnone size-medium wp-image-2099\" src=\"https:\/\/ensmm-ers.infd.edu.ar\/sitio\/wp-content\/uploads\/2020\/04\/2do-Filosofia-Clase-de-PRACTICA-DOCENTE-II-yuarman-1000x562.jpeg\" alt=\"\" width=\"1000\" height=\"562\" \/><\/div>\n<\/section>\n<\/div>\n<\/div>\n","protected":false},"excerpt":{"rendered":"<p>Desde el Profesorado de Educaci\u00f3n Secundaria en Filosof\u00eda\u00a0nos comparten una de sus clases correspondiente a la c\u00e1tedra Pr\u00e1ctica Docente II. El docente de la c\u00e1tedra Am\u00e9rico\u00a0\u00a0Schvartzman , ense\u00f1a y realiza\u00a0con sus estudiantes diversas actividades virtuales utilizando el campus del ISFD y videoconferencias. #CLASESVIRTUALES #YOMEQUEDOENCASA #FILOSOF\u00cdA<\/p>\n","protected":false},"author":577,"featured_media":2099,"comment_status":"open","ping_status":"open","sticky":false,"template":"","format":"standard","meta":[],"categories":[102,101,100,122],"tags":[],"acf":[],"_links":{"self":[{"href":"https:\/\/ensmm-ers.infd.edu.ar\/sitio\/wp-json\/wp\/v2\/posts\/2098"}],"collection":[{"href":"https:\/\/ensmm-ers.infd.edu.ar\/sitio\/wp-json\/wp\/v2\/posts"}],"about":[{"href":"https:\/\/ensmm-ers.infd.edu.ar\/sitio\/wp-json\/wp\/v2\/types\/post"}],"author":[{"embeddable":true,"href":"https:\/\/ensmm-ers.infd.edu.ar\/sitio\/wp-json\/wp\/v2\/users\/577"}],"replies":[{"embeddable":true,"href":"https:\/\/ensmm-ers.infd.edu.ar\/sitio\/wp-json\/wp\/v2\/comments?post=2098"}],"version-history":[{"count":3,"href":"https:\/\/ensmm-ers.infd.edu.ar\/sitio\/wp-json\/wp\/v2\/posts\/2098\/revisions"}],"predecessor-version":[{"id":2103,"href":"https:\/\/ensmm-ers.infd.edu.ar\/sitio\/wp-json\/wp\/v2\/posts\/2098\/revisions\/2103"}],"wp:featuredmedia":[{"embeddable":true,"href":"https:\/\/ensmm-ers.infd.edu.ar\/sitio\/wp-json\/wp\/v2\/media\/2099"}],"wp:attachment":[{"href":"https:\/\/ensmm-ers.infd.edu.ar\/sitio\/wp-json\/wp\/v2\/media?parent=2098"}],"wp:term":[{"taxonomy":"category","embeddable":true,"href":"https:\/\/ensmm-ers.infd.edu.ar\/sitio\/wp-json\/wp\/v2\/categories?post=2098"},{"taxonomy":"post_tag","embeddable":true,"href":"https:\/\/ensmm-ers.infd.edu.ar\/sitio\/wp-json\/wp\/v2\/tags?post=2098"}],"curies":[{"name":"wp","href":"https:\/\/api.w.org\/{rel}","templated":true}]}}