{"id":2044,"date":"2020-04-06T16:57:20","date_gmt":"2020-04-06T19:57:20","guid":{"rendered":"https:\/\/ensmm-ers.infd.edu.ar\/sitio\/?p=2044"},"modified":"2020-04-06T17:01:57","modified_gmt":"2020-04-06T20:01:57","slug":"seminarios-virtuales-autoasistidos-para-estudiantes-de-la-formacion-docente","status":"publish","type":"post","link":"https:\/\/ensmm-ers.infd.edu.ar\/sitio\/seminarios-virtuales-autoasistidos-para-estudiantes-de-la-formacion-docente\/","title":{"rendered":"Seminarios Virtuales Autoasistidos para Estudiantes de la Formaci\u00f3n Docente"},"content":{"rendered":"<p>Estimadas y estimados estudiantes:<\/p>\n<p>A modo de seguir aportando recursos para acompa\u00f1ar la formaci\u00f3n docente inicial en este contexto tan particular que estamos viviendo, ponemos a su disposici\u00f3n tres cursos virtuales de modalidad autoasistida.<\/p>\n<p>\u2022 Pensamiento Pedag\u00f3gico Latinoamericano<br \/>\n\u2022 C\u00f3mo Habitar la Escuela Contempor\u00e1nea<br \/>\n\u2022 Derechos Humanos en la Escuela<\/p>\n<p>Los mismos abordan contenidos transversales al ejercicio de la pr\u00e1ctica y la reflexi\u00f3n docente, atravesando cualquier campo disciplinar espec\u00edfico o nivel educativo para el que cada una\/o se est\u00e9 formando. Son una herramienta m\u00e1s para enriquecer el trabajo que se viene desarrollando desde las instituciones formadoras de docentes en tanto ser\u00e1n agentes de transmisi\u00f3n de cultura de derechos y promotores de la inclusi\u00f3n educativa.<\/p>\n<p>Porque sabemos del deseo y el compromiso de quienes abrazan la formaci\u00f3n docente en la b\u00fasqueda permanente de recursos y saberes que las\/los fortalezcan en su recorrido formativo, es que ponemos en l\u00ednea estos cursos.<\/p>\n<p>Sabemos tambi\u00e9n, que son momentos muy dif\u00edciles que nos desaf\u00edan a repensar la organizaci\u00f3n en todos los \u00f3rdenes de nuestra vida: seamos estudiantes, madres, padres, trabajadoras\/es, sost\u00e9n de familia, etc. Las realidades por las que atraviesan las y los estudiantes de la formaci\u00f3n docente en nuestro pa\u00eds no son las mismas para todas\/os. Frente a esta diversidad de realidades desde las Instituciones, Jurisdicciones y a nivel Nacional, se dise\u00f1an multiplicidad de recursos y estrategias que permitan garantizar a todas y todos el derecho a la educaci\u00f3n.<\/p>\n<p>Asimismo, cobran central protagonismo la cooperaci\u00f3n, la organizaci\u00f3n y las redes que entre estudiantes se vayan tejiendo en cada territorio, instituci\u00f3n o curso, para sostenerse y acompa\u00f1arse; y que fortalecen el colectivo estudiantil y su identidad como futuras\/os docentes comprometidas\/os con la realidad de su tiempo.<\/p>\n<p>Este momento nos invita a la reflexi\u00f3n sobre la tarea docente fundamentalmente como lazo, como invitaci\u00f3n a los nuevos a ser comunidad. Entender la ense\u00f1anza como la posibilidad de encuentro con un otro\/a que se transforma y que nos transforma, nos pone ante el desaf\u00edo de sostener y multiplicar esfuerzos para crear los modos de estar m\u00e1s presentes que nunca.<\/p>\n<p>Desde el INFoD esperamos que estos cursos sean un aporte en este sentido.<\/p>\n<p><a href=\"https:\/\/red.infd.edu.ar\/articulos\/seminarios-virtuales-autoasistidos-para-estudiantes-de-la-formacion-docente\/\">https:\/\/red.infd.edu.ar\/articulos\/seminarios-virtuales-autoasistidos-para-estudiantes-de-la-formacion-docente\/<\/a><\/p>\n","protected":false},"excerpt":{"rendered":"<p>Estimadas y estimados estudiantes: A modo de seguir aportando recursos para acompa\u00f1ar la formaci\u00f3n docente inicial en este contexto tan particular que estamos viviendo, ponemos a su disposici\u00f3n tres cursos virtuales de modalidad autoasistida. \u2022 Pensamiento Pedag\u00f3gico Latinoamericano \u2022 C\u00f3mo Habitar la Escuela Contempor\u00e1nea \u2022 Derechos Humanos en la Escuela Los mismos abordan contenidos transversales &#8230; <a title=\"Seminarios Virtuales Autoasistidos para Estudiantes de la Formaci\u00f3n Docente\" class=\"read-more\" href=\"https:\/\/ensmm-ers.infd.edu.ar\/sitio\/seminarios-virtuales-autoasistidos-para-estudiantes-de-la-formacion-docente\/\" aria-label=\"More on Seminarios Virtuales Autoasistidos para Estudiantes de la Formaci\u00f3n Docente\">[+]<\/a><\/p>\n","protected":false},"author":577,"featured_media":2045,"comment_status":"open","ping_status":"open","sticky":false,"template":"","format":"standard","meta":[],"categories":[102,101,100],"tags":[],"acf":[],"_links":{"self":[{"href":"https:\/\/ensmm-ers.infd.edu.ar\/sitio\/wp-json\/wp\/v2\/posts\/2044"}],"collection":[{"href":"https:\/\/ensmm-ers.infd.edu.ar\/sitio\/wp-json\/wp\/v2\/posts"}],"about":[{"href":"https:\/\/ensmm-ers.infd.edu.ar\/sitio\/wp-json\/wp\/v2\/types\/post"}],"author":[{"embeddable":true,"href":"https:\/\/ensmm-ers.infd.edu.ar\/sitio\/wp-json\/wp\/v2\/users\/577"}],"replies":[{"embeddable":true,"href":"https:\/\/ensmm-ers.infd.edu.ar\/sitio\/wp-json\/wp\/v2\/comments?post=2044"}],"version-history":[{"count":1,"href":"https:\/\/ensmm-ers.infd.edu.ar\/sitio\/wp-json\/wp\/v2\/posts\/2044\/revisions"}],"predecessor-version":[{"id":2046,"href":"https:\/\/ensmm-ers.infd.edu.ar\/sitio\/wp-json\/wp\/v2\/posts\/2044\/revisions\/2046"}],"wp:featuredmedia":[{"embeddable":true,"href":"https:\/\/ensmm-ers.infd.edu.ar\/sitio\/wp-json\/wp\/v2\/media\/2045"}],"wp:attachment":[{"href":"https:\/\/ensmm-ers.infd.edu.ar\/sitio\/wp-json\/wp\/v2\/media?parent=2044"}],"wp:term":[{"taxonomy":"category","embeddable":true,"href":"https:\/\/ensmm-ers.infd.edu.ar\/sitio\/wp-json\/wp\/v2\/categories?post=2044"},{"taxonomy":"post_tag","embeddable":true,"href":"https:\/\/ensmm-ers.infd.edu.ar\/sitio\/wp-json\/wp\/v2\/tags?post=2044"}],"curies":[{"name":"wp","href":"https:\/\/api.w.org\/{rel}","templated":true}]}}