{"id":1974,"date":"2020-04-03T16:27:19","date_gmt":"2020-04-03T19:27:19","guid":{"rendered":"https:\/\/ensmm-ers.infd.edu.ar\/sitio\/?p=1974"},"modified":"2020-04-03T16:27:19","modified_gmt":"2020-04-03T19:27:19","slug":"bienvenidos-estudiantes","status":"publish","type":"post","link":"https:\/\/ensmm-ers.infd.edu.ar\/sitio\/bienvenidos-estudiantes\/","title":{"rendered":"\u00a1Bienvenidos Estudiantes!"},"content":{"rendered":"<p><strong>Para los Estudiantes del Instituto Superior de Formaci\u00f3n Docente:<\/strong><\/p>\n<p>Creo oportuno comenzar d\u00e1ndoles la <span style=\"color: #33cccc;\"><strong>BIENVENIDA<\/strong><\/span> a \u00e9ste <strong><span style=\"color: #33cccc;\">a\u00f1o acad\u00e9mico 2020<\/span><\/strong>, a los Estudiantes de 1ero, 2do, 3ero, 4to y 5to de cada una de las carreras.<br \/>\nEl contexto mundial, latinoamericano, argentino y local cada uno de nosotros lo conocemos mejor que nadie. Describirlo es perogrullo.<br \/>\nLas categor\u00edas de an\u00e1lisis que las pens\u00e1bamos desde una c\u00e1tedra como contenido a estudiar ahora conforman el centro de nuestra vida cotidiana. El tiempo, el espacio, el encuentro no son los mismos. Y esa condici\u00f3n humana del \u201cser social\u201d fue puesta en jaque por el \u201caislamiento obligado\u201d, as\u00ed mediante una normativa producto de una decisi\u00f3n en pos del bien com\u00fan, con fecha de cumplimiento cambi\u00f3 nuestra rutina. Sin darnos la oportunidad de organizarnos, de abrazar a los seres queridos, de tomar los \u00faltimos mates, sin despedirnos.<br \/>\nY as\u00ed con nuestros sentimientos a flor de piel, vamos viviendo el d\u00eda. Con estructuras totalmente diferentes. Nos convertimos en docentes particulares de nuestros hijos. Y as\u00ed tantos otros cambios.<br \/>\n\u00c9ste 2020 nos invita a encontrarnos de otro modo.<br \/>\nLa vida del Instituto tambi\u00e9n es atravesada por \u00e9sta vor\u00e1gine cibern\u00e9tica que nos comunica o a\u00edsla o ambas. Y las prioridades nos alcanzan casi devorando las decisiones que se toman a diario. <span style=\"color: #ff6600;\"><strong>Cada una de ellas es pensando en lo mejor para ustedes, los ESTUDIANTES<\/strong>, <strong>porque sin ustedes los profesorados no tienen raz\u00f3n de ser.<\/strong><\/span><br \/>\nLa tarea no es f\u00e1cil y existen muchas aristas a tener en cuenta para que el derecho a cada una de sus trayectorias se cumpla. La respuesta debe estar antes que la pregunta.<br \/>\nTodos los actores institucionales, cada uno desde su rol, estamos abocados a cumplir con nuestras responsabilidades para que el Instituto funcione.<br \/>\nContamos con la plataforma del INFOD como dispositivo para el encuentro, reemplazando el edificio escolar, y cada c\u00e1tedra en aula para ser el nexo entre el docente-estudiante y el conocimiento. La facilitadora, como el t\u00e9rmino lo indica, ser\u00e1 la que acompa\u00f1e la actividad virtual dentro de la misma, solucionando inconvenientes t\u00e9cnicos de sus docentes y de cada uno de ustedes.<br \/>\nDentro de la plataforma encontrar\u00e1n mensajer\u00eda interna, con los correos de los responsables con los que quieran comunicarse: docentes, referente t\u00e9cnica institucional <strong>(Ing. Viviana Bourdetta), preceptor\u00eda (Prof. Yanina Lemos) y secretaria acad\u00e9mica (Prof. Natalia Mansilla)<\/strong>. Estamos para atender sus trayectorias, no duden en contactarse. Tambi\u00e9n por mensajer\u00eda interna pueden comunicarse con los docentes de las c\u00e1tedras para hacer preguntas,\u00a0 hacer sugerencias, entre otros.<br \/>\nAsimismo les solicito tengan paciencia, constancia, estudio, lectura, sugerencias, escritura y todo lo que se necesite para sostener la cursada de la mejor manera.<\/p>\n<p>Les deseo un excelente a\u00f1o.<\/p>\n<p style=\"text-align: center;\"><strong>Afectuosamente<\/strong><br \/>\n<strong>Prof. Natalia Mansilla<\/strong><br \/>\n<strong>Secretaria Acad\u00e9mica<\/strong><br \/>\n<img decoding=\"async\" loading=\"lazy\" class=\"alignnone size-full wp-image-1975\" src=\"https:\/\/ensmm-ers.infd.edu.ar\/sitio\/wp-content\/uploads\/2020\/04\/Captura-e1585941551780.png\" alt=\"\" width=\"500\" height=\"497\" \/><\/p>\n","protected":false},"excerpt":{"rendered":"<p>Para los Estudiantes del Instituto Superior de Formaci\u00f3n Docente: Creo oportuno comenzar d\u00e1ndoles la BIENVENIDA a \u00e9ste a\u00f1o acad\u00e9mico 2020, a los Estudiantes de 1ero, 2do, 3ero, 4to y 5to de cada una de las carreras. El contexto mundial, latinoamericano, argentino y local cada uno de nosotros lo conocemos mejor que nadie. Describirlo es perogrullo. &#8230; <a title=\"\u00a1Bienvenidos Estudiantes!\" class=\"read-more\" href=\"https:\/\/ensmm-ers.infd.edu.ar\/sitio\/bienvenidos-estudiantes\/\" aria-label=\"More on \u00a1Bienvenidos Estudiantes!\">[+]<\/a><\/p>\n","protected":false},"author":577,"featured_media":1975,"comment_status":"open","ping_status":"open","sticky":false,"template":"","format":"standard","meta":[],"categories":[102,101,100],"tags":[],"acf":[],"_links":{"self":[{"href":"https:\/\/ensmm-ers.infd.edu.ar\/sitio\/wp-json\/wp\/v2\/posts\/1974"}],"collection":[{"href":"https:\/\/ensmm-ers.infd.edu.ar\/sitio\/wp-json\/wp\/v2\/posts"}],"about":[{"href":"https:\/\/ensmm-ers.infd.edu.ar\/sitio\/wp-json\/wp\/v2\/types\/post"}],"author":[{"embeddable":true,"href":"https:\/\/ensmm-ers.infd.edu.ar\/sitio\/wp-json\/wp\/v2\/users\/577"}],"replies":[{"embeddable":true,"href":"https:\/\/ensmm-ers.infd.edu.ar\/sitio\/wp-json\/wp\/v2\/comments?post=1974"}],"version-history":[{"count":8,"href":"https:\/\/ensmm-ers.infd.edu.ar\/sitio\/wp-json\/wp\/v2\/posts\/1974\/revisions"}],"predecessor-version":[{"id":2007,"href":"https:\/\/ensmm-ers.infd.edu.ar\/sitio\/wp-json\/wp\/v2\/posts\/1974\/revisions\/2007"}],"wp:featuredmedia":[{"embeddable":true,"href":"https:\/\/ensmm-ers.infd.edu.ar\/sitio\/wp-json\/wp\/v2\/media\/1975"}],"wp:attachment":[{"href":"https:\/\/ensmm-ers.infd.edu.ar\/sitio\/wp-json\/wp\/v2\/media?parent=1974"}],"wp:term":[{"taxonomy":"category","embeddable":true,"href":"https:\/\/ensmm-ers.infd.edu.ar\/sitio\/wp-json\/wp\/v2\/categories?post=1974"},{"taxonomy":"post_tag","embeddable":true,"href":"https:\/\/ensmm-ers.infd.edu.ar\/sitio\/wp-json\/wp\/v2\/tags?post=1974"}],"curies":[{"name":"wp","href":"https:\/\/api.w.org\/{rel}","templated":true}]}}