{"id":1743,"date":"2019-04-24T21:42:00","date_gmt":"2019-04-25T00:42:00","guid":{"rendered":"https:\/\/ensmm-ers.infd.edu.ar\/sitio\/?p=1743"},"modified":"2019-04-24T21:42:00","modified_gmt":"2019-04-25T00:42:00","slug":"10-dias-de-militancia-contra-la-violencia-de-la-mujer","status":"publish","type":"post","link":"https:\/\/ensmm-ers.infd.edu.ar\/sitio\/10-dias-de-militancia-contra-la-violencia-de-la-mujer\/","title":{"rendered":"10 d\u00edas de militancia contra la violencia de la mujer"},"content":{"rendered":"<p>Nos place invitarlo a participar de la Campa\u00f1a Regional <strong>\u201c10 D\u00edas de Activismo Contra la Violencia de G\u00e9nero\u201d<\/strong>: que llevar\u00e1 adelante el Nodo Entre R\u00edos del Cap\u00edtulo Argentina de la Red Women\u00b4s Democracy Netwok (Red de Mujeres por la Democracia) desde el d\u00eda 23 de abril al 2 de mayo de 2019, con el objetivo de crear conciencia y poner fin a la violencia contra las mujeres en Am\u00e9rica Latina y el Caribe.<\/p>\n<p>La tasa de violencia de g\u00e9nero (VBG) en Am\u00e9rica Latina es una de las m\u00e1s altas del mundo. Por ello, los miembros de WDN-LAC discutieron en la conferencia de 2018 WDN-LAC en Cartagena, Colombia que los gobiernos deber\u00edan ser m\u00e1s conscientes y responder a los intereses de las mujeres en sus pa\u00edses y en respuesta dise\u00f1aron esta Campa\u00f1a Regional que se llevar\u00e1 a cabo en los distintos pa\u00edses que la integran.<\/p>\n<p>En nuestra ciudad se realizar\u00e1 el d\u00eda <strong>jueves 25 de abril en el sal\u00f3n del Colegio Nacional J. J. de Urquiza, de 18 hs a 21 hs<\/strong>. All\u00ed, autoridades, funcionarios, representantes de diferentes instituciones y miembros de la sociedad civil tendr\u00e1n la oportunidad de intercambiar informaci\u00f3n a fin de coordinar, concertar, formular e implementar pol\u00edticas p\u00fablicas de prevenci\u00f3n, creaci\u00f3n e implementaci\u00f3n de protocolos integrales de asistencia a las v\u00edctimas de violencia, como as\u00ed tambi\u00e9n pol\u00edticas p\u00fablicas respecto de los hijos menores cuyas madres han fallecido por femicidios.<\/p>\n<p><strong>\u00a0<\/strong>Para m\u00e1s informaci\u00f3n acerca de la Red de Mujeres por la Democracia podr\u00e1 visitar los sitios <a href=\"http:\/\/www.wdnargentina.net\"><strong>www.wdnargentina.net<\/strong><\/a><strong>\u00a0 y www.wdn.org<\/strong><\/p>\n<p>Esperamos tener el honor de contar con su presencia.<\/p>\n<p>Saludamos atentamente<\/p>\n<p>&nbsp;<\/p>\n<p>Dra. Miriam Muller\u00a0\u00a0\u00a0\u00a0\u00a0\u00a0\u00a0\u00a0\u00a0\u00a0\u00a0\u00a0\u00a0\u00a0\u00a0\u00a0\u00a0\u00a0\u00a0\u00a0\u00a0\u00a0\u00a0\u00a0\u00a0\u00a0\u00a0\u00a0\u00a0\u00a0\u00a0\u00a0\u00a0\u00a0\u00a0\u00a0\u00a0\u00a0\u00a0\u00a0\u00a0\u00a0\u00a0\u00a0\u00a0\u00a0\u00a0\u00a0\u00a0 Roxana Le\u00f3n<\/p>\n<p>WDN Nodo Entre R\u00edos\u00a0\u00a0\u00a0\u00a0\u00a0\u00a0\u00a0\u00a0\u00a0\u00a0\u00a0\u00a0\u00a0\u00a0\u00a0\u00a0\u00a0\u00a0\u00a0\u00a0\u00a0\u00a0\u00a0\u00a0\u00a0\u00a0\u00a0\u00a0\u00a0\u00a0\u00a0\u00a0\u00a0\u00a0\u00a0\u00a0\u00a0\u00a0\u00a0\u00a0\u00a0 WDN C del Uruguay<\/p>\n<p><img decoding=\"async\" loading=\"lazy\" class=\"alignnone  wp-image-1744\" src=\"https:\/\/ensmm-ers.infd.edu.ar\/sitio\/wp-content\/uploads\/2019\/04\/WhatsApp-Image-2019-04-24-at-15.03.49-854x1000.jpeg\" alt=\"\" width=\"708\" height=\"829\" srcset=\"https:\/\/ensmm-ers.infd.edu.ar\/sitio\/wp-content\/uploads\/2019\/04\/WhatsApp-Image-2019-04-24-at-15.03.49-854x1000.jpeg 854w, https:\/\/ensmm-ers.infd.edu.ar\/sitio\/wp-content\/uploads\/2019\/04\/WhatsApp-Image-2019-04-24-at-15.03.49-768x900.jpeg 768w, https:\/\/ensmm-ers.infd.edu.ar\/sitio\/wp-content\/uploads\/2019\/04\/WhatsApp-Image-2019-04-24-at-15.03.49.jpeg 886w\" sizes=\"(max-width: 708px) 100vw, 708px\" \/><\/p>\n","protected":false},"excerpt":{"rendered":"<p>Nos place invitarlo a participar de la Campa\u00f1a Regional \u201c10 D\u00edas de Activismo Contra la Violencia de G\u00e9nero\u201d: que llevar\u00e1 adelante el Nodo Entre R\u00edos del Cap\u00edtulo Argentina de la Red Women\u00b4s Democracy Netwok (Red de Mujeres por la Democracia) desde el d\u00eda 23 de abril al 2 de mayo de 2019, con el objetivo &#8230; <a title=\"10 d\u00edas de militancia contra la violencia de la mujer\" class=\"read-more\" href=\"https:\/\/ensmm-ers.infd.edu.ar\/sitio\/10-dias-de-militancia-contra-la-violencia-de-la-mujer\/\" aria-label=\"More on 10 d\u00edas de militancia contra la violencia de la mujer\">[+]<\/a><\/p>\n","protected":false},"author":577,"featured_media":1744,"comment_status":"open","ping_status":"open","sticky":false,"template":"","format":"standard","meta":[],"categories":[102,101,100],"tags":[],"acf":[],"_links":{"self":[{"href":"https:\/\/ensmm-ers.infd.edu.ar\/sitio\/wp-json\/wp\/v2\/posts\/1743"}],"collection":[{"href":"https:\/\/ensmm-ers.infd.edu.ar\/sitio\/wp-json\/wp\/v2\/posts"}],"about":[{"href":"https:\/\/ensmm-ers.infd.edu.ar\/sitio\/wp-json\/wp\/v2\/types\/post"}],"author":[{"embeddable":true,"href":"https:\/\/ensmm-ers.infd.edu.ar\/sitio\/wp-json\/wp\/v2\/users\/577"}],"replies":[{"embeddable":true,"href":"https:\/\/ensmm-ers.infd.edu.ar\/sitio\/wp-json\/wp\/v2\/comments?post=1743"}],"version-history":[{"count":1,"href":"https:\/\/ensmm-ers.infd.edu.ar\/sitio\/wp-json\/wp\/v2\/posts\/1743\/revisions"}],"predecessor-version":[{"id":1745,"href":"https:\/\/ensmm-ers.infd.edu.ar\/sitio\/wp-json\/wp\/v2\/posts\/1743\/revisions\/1745"}],"wp:featuredmedia":[{"embeddable":true,"href":"https:\/\/ensmm-ers.infd.edu.ar\/sitio\/wp-json\/wp\/v2\/media\/1744"}],"wp:attachment":[{"href":"https:\/\/ensmm-ers.infd.edu.ar\/sitio\/wp-json\/wp\/v2\/media?parent=1743"}],"wp:term":[{"taxonomy":"category","embeddable":true,"href":"https:\/\/ensmm-ers.infd.edu.ar\/sitio\/wp-json\/wp\/v2\/categories?post=1743"},{"taxonomy":"post_tag","embeddable":true,"href":"https:\/\/ensmm-ers.infd.edu.ar\/sitio\/wp-json\/wp\/v2\/tags?post=1743"}],"curies":[{"name":"wp","href":"https:\/\/api.w.org\/{rel}","templated":true}]}}