{"id":1711,"date":"2018-11-26T18:52:26","date_gmt":"2018-11-26T21:52:26","guid":{"rendered":"https:\/\/ensmm-ers.infd.edu.ar\/sitio\/?p=1711"},"modified":"2018-11-26T18:53:52","modified_gmt":"2018-11-26T21:53:52","slug":"colacion-2018","status":"publish","type":"post","link":"https:\/\/ensmm-ers.infd.edu.ar\/sitio\/colacion-2018\/","title":{"rendered":"Colaci\u00f3n 2018"},"content":{"rendered":"<p>&nbsp;<\/p>\n<p><b>La Escuela Normal Superior \u201cMariano Moreno\u201d, tiene el agrado de invitar a <\/b><b>Ud<\/b><b>(s) al acto de Colaci\u00f3n de Grado <\/b><b>del Profesorado de <\/b><b>Educaci\u00f3n Tecnol\u00f3gica<\/b><b>, del\u00a0 Profesorado en\u00a0 Filosof\u00eda, del Profesorado Superior en Ciencias de la Educaci\u00f3n y del Profesorado de Educaci\u00f3n Secundaria de la Modalidad T\u00e9cnico Profesional que <\/b><b>se realizar\u00e1 en el Sal\u00f3n de Actos Clementina <\/b><b>Conte<\/b><b> de Ali\u00f3, el d\u00eda <\/b><b>06 <\/b><b>de <\/b><b>diciembre <\/b><b>de <\/b><b>2018 <\/b><b>a las <\/b><b>20:30hs<\/b><b>.-<\/b><\/p>\n<p><img decoding=\"async\" loading=\"lazy\" class=\"alignnone size-medium wp-image-1712\" src=\"https:\/\/ensmm-ers.infd.edu.ar\/sitio\/wp-content\/uploads\/2018\/11\/tarjetacalidad2018-1000x692.jpg\" alt=\"\" width=\"1000\" height=\"692\" srcset=\"https:\/\/ensmm-ers.infd.edu.ar\/sitio\/wp-content\/uploads\/2018\/11\/tarjetacalidad2018-1000x692.jpg 1000w, https:\/\/ensmm-ers.infd.edu.ar\/sitio\/wp-content\/uploads\/2018\/11\/tarjetacalidad2018-768x532.jpg 768w, https:\/\/ensmm-ers.infd.edu.ar\/sitio\/wp-content\/uploads\/2018\/11\/tarjetacalidad2018.jpg 1040w\" sizes=\"(max-width: 1000px) 100vw, 1000px\" \/><\/p>\n<p>Egresados:<\/p>\n<ul>\n<li><a href=\"https:\/\/docs.google.com\/document\/d\/1swK0g-ZEB2SPt039kKK6z7F0c-G6oC8W2hhtmMmViKE\/edit?usp=sharing\">https:\/\/docs.google.com\/document\/d\/1swK0g-ZEB2SPt039kKK6z7F0c-G6oC8W2hhtmMmViKE\/edit?usp=sharing<\/a><\/li>\n<li><a href=\"https:\/\/docs.google.com\/spreadsheets\/d\/1aju9rS11ah9YFNQgVB4UwaQOhBNbPM4HVSWW-nvQaME\/edit?usp=sharing\">https:\/\/docs.google.com\/spreadsheets\/d\/1aju9rS11ah9YFNQgVB4UwaQOhBNbPM4HVSWW-nvQaME\/edit?usp=sharing<\/a><\/li>\n<\/ul>\n","protected":false},"excerpt":{"rendered":"<p>&nbsp; La Escuela Normal Superior \u201cMariano Moreno\u201d, tiene el agrado de invitar a Ud(s) al acto de Colaci\u00f3n de Grado del Profesorado de Educaci\u00f3n Tecnol\u00f3gica, del\u00a0 Profesorado en\u00a0 Filosof\u00eda, del Profesorado Superior en Ciencias de la Educaci\u00f3n y del Profesorado de Educaci\u00f3n Secundaria de la Modalidad T\u00e9cnico Profesional que se realizar\u00e1 en el Sal\u00f3n de &#8230; <a title=\"Colaci\u00f3n 2018\" class=\"read-more\" href=\"https:\/\/ensmm-ers.infd.edu.ar\/sitio\/colacion-2018\/\" aria-label=\"More on Colaci\u00f3n 2018\">[+]<\/a><\/p>\n","protected":false},"author":577,"featured_media":1712,"comment_status":"open","ping_status":"open","sticky":false,"template":"","format":"standard","meta":[],"categories":[102,101,100],"tags":[],"acf":[],"_links":{"self":[{"href":"https:\/\/ensmm-ers.infd.edu.ar\/sitio\/wp-json\/wp\/v2\/posts\/1711"}],"collection":[{"href":"https:\/\/ensmm-ers.infd.edu.ar\/sitio\/wp-json\/wp\/v2\/posts"}],"about":[{"href":"https:\/\/ensmm-ers.infd.edu.ar\/sitio\/wp-json\/wp\/v2\/types\/post"}],"author":[{"embeddable":true,"href":"https:\/\/ensmm-ers.infd.edu.ar\/sitio\/wp-json\/wp\/v2\/users\/577"}],"replies":[{"embeddable":true,"href":"https:\/\/ensmm-ers.infd.edu.ar\/sitio\/wp-json\/wp\/v2\/comments?post=1711"}],"version-history":[{"count":2,"href":"https:\/\/ensmm-ers.infd.edu.ar\/sitio\/wp-json\/wp\/v2\/posts\/1711\/revisions"}],"predecessor-version":[{"id":1714,"href":"https:\/\/ensmm-ers.infd.edu.ar\/sitio\/wp-json\/wp\/v2\/posts\/1711\/revisions\/1714"}],"wp:featuredmedia":[{"embeddable":true,"href":"https:\/\/ensmm-ers.infd.edu.ar\/sitio\/wp-json\/wp\/v2\/media\/1712"}],"wp:attachment":[{"href":"https:\/\/ensmm-ers.infd.edu.ar\/sitio\/wp-json\/wp\/v2\/media?parent=1711"}],"wp:term":[{"taxonomy":"category","embeddable":true,"href":"https:\/\/ensmm-ers.infd.edu.ar\/sitio\/wp-json\/wp\/v2\/categories?post=1711"},{"taxonomy":"post_tag","embeddable":true,"href":"https:\/\/ensmm-ers.infd.edu.ar\/sitio\/wp-json\/wp\/v2\/tags?post=1711"}],"curies":[{"name":"wp","href":"https:\/\/api.w.org\/{rel}","templated":true}]}}