{"id":1658,"date":"2018-11-21T11:18:51","date_gmt":"2018-11-21T14:18:51","guid":{"rendered":"https:\/\/ensmm-ers.infd.edu.ar\/sitio\/?p=1658"},"modified":"2018-11-21T13:07:10","modified_gmt":"2018-11-21T16:07:10","slug":"con-gran-exito-se-celebro-por-primera-vez-el-dia-de-la-filosofia-en-la-normal","status":"publish","type":"post","link":"https:\/\/ensmm-ers.infd.edu.ar\/sitio\/con-gran-exito-se-celebro-por-primera-vez-el-dia-de-la-filosofia-en-la-normal\/","title":{"rendered":"Con gran \u00e9xito se celebr\u00f3 por primera vez el \u201cD\u00eda de la Filosof\u00eda\u201d en la Normal"},"content":{"rendered":"<p><strong>El D\u00eda Mundial de la Filosof\u00eda se celebr\u00f3 por primera vez en Concepci\u00f3n del Uruguay desde que la UNESCO lo propuso en 2005. El jueves 15 de noviembre se desarrollaron numerosas actividades simult\u00e1neas en el edificio de la Escuela Normal, sede del Profesorado de Filosof\u00eda, con una importante afluencia de p\u00fablico. Hubo charlas y conferencias, tambi\u00e9n juegos y cine y en el cierre actuaron bandas locales. La jornada, adem\u00e1s, fue declarada \u201cDe Inter\u00e9s Municipal\u201d. Los organizadores se mostraron m\u00e1s que satisfechos con el \u00e9xito de la actividad, y ya se entusiasman con su realizaci\u00f3n en 2019.<\/strong><\/p>\n<p>&nbsp;<\/p>\n<p>El Profesorado en Filosof\u00eda del Instituto de Formaci\u00f3n Docente perteneciente a la Escuela Normal Superior Mariano Moreno, conmemor\u00f3 por primera vez el \u201cD\u00eda de la Filosof\u00eda\u201d, el pasado jueves 15 de noviembre, entre las 18 y casi la medianoche, en el edificio escolar de la instituci\u00f3n ubicada en Jordana 50. El evento, que fue gestionado por estudiantes y docentes de la casa, cont\u00f3 con numerosas actividades especialmente enfocadas hacia los j\u00f3venes de nivel secundario, pero que fueron abiertas a toda la comunidad. Asi lo entendi\u00f3 el numeroso p\u00fablico que se dio cita en la Escuela Normal y acompa\u00f1\u00f3 con entusiasmo la realizaci\u00f3n del evento.<\/p>\n<p>Esta primera edici\u00f3n del D\u00eda de la Filosof\u00eda tuvo lugar en ambos patios del ala norte de la Escuela Normal, e inaugura as\u00ed una celebraci\u00f3n que se propone convocar cada a\u00f1o, en el sentido propuesto por la UNESCO, a \u201cdestacar la importancia de la ense\u00f1anza de esta disciplina\u201d, y tambi\u00e9n para subrayar que \u00abla filosof\u00eda es una disciplina que estimula el pensamiento cr\u00edtico e independiente y es capaz de trabajar en aras de un mejor entendimiento del mundo, promoviendo la paz y la tolerancia\u00bb.<\/p>\n<p><strong>LIBROS, AJEDREZ, ARTE<\/strong><\/p>\n<p>En la jornada hubo conferencias, stands, talleres y debates. Se convoc\u00f3 a una Feria de Libros en la que participaron editoriales autogestionadas oriundas o con presencia en la regi\u00f3n. Entre ellas estuvieron la Cooperativa \u201cEl Mi\u00e9rcoles\u201d con los libros publicados por su editorial, en especial con la presencia del reci\u00e9n editado \u201cUna de rockeros\u201d, cuyo autor, Jorge Villanova firm\u00f3 ejemplares y dialog\u00f3 con los presentes. Tambi\u00e9n participaron La Garganta Poderosa y Birkat Eloyim (de Col\u00f3n), las locales Congreso, Barrilete y Raz\u00f3n y Revoluci\u00f3n, as\u00ed como la Uni\u00f3n Entrerriana de M\u00fasicos Independientes (UEMI). Entre los escritores independientes estuvieron exponiendo sus trabajos Luis Fontana, Anal\u00eda Cassimiro, Graciela Lettieri, Marcos Noero, Iaia Popov, Giovana Rangel, Cecilia Baldunciel, Lautaro Ben\u00edtez y Anjana.<\/p>\n<p>El ajedrez estuvo presente con un importante inter\u00e9s por parte del p\u00fablico asistente, quienes practicaron ese juego-ciencia milenario (en algunos casos por primera vez), y se acrecent\u00f3 cuando Juan Lucas Lascano (quien tuvo a su cargo el taller) sostuvo nueve partidas simult\u00e1neas.<\/p>\n<p>Adem\u00e1s hubo valiosas exposiciones art\u00edsticas a cargo de Mario Morasan (\u201cCer\u00e1micas del calendario sagrado maya\u201d) y Anal\u00eda Calder\u00f3n (\u201cLitoral Dibujado\u201d), y la muestra \u201cCosa \u2018e Mandinga. Miedos, fantas\u00edas y realidades de la Argentina mitol\u00f3gica\u201d, de los estudiantes de 2do a\u00f1o del Profesorado de Artes Visuales del Instituto Carolina Tobar Garc\u00eda, coordinada por la profesora Mar\u00eda Jos\u00e9 Pesce.<\/p>\n<p>Tambi\u00e9n se expusieron dibujos de los ni\u00f1os y ni\u00f1as de la Sala de Cuatro del Jardin de Infantes de la Escuela Normal, producidos a partir de obras del gran pintor argentino Florencia Molina Campos, a cargo de la profesora Alejandra Girod.<\/p>\n<p>Entre las actividades, hubo tambi\u00e9n un aula de cine y filosof\u00eda, donde se proyectaron diferentes cortos sobre referencias y tem\u00e1ticas contempor\u00e1neas de la actividad filos\u00f3fica (Simone de Beauvoir, Antonio Gramsci, Los \u201cmaestros de la sospecha\u201d: Nietszche, Freud y Marx, entre otros).<\/p>\n<p>En la filosof\u00eda tambi\u00e9n se inscribe la vida cotidiana de las personas, y por esa raz\u00f3n hubo un stand de gastronom\u00eda, y una activa cantina, con cerveza artesanal de producci\u00f3n local, entre otras opciones.<\/p>\n<p><strong>LAS CHARLAS<\/strong><\/p>\n<p>El p\u00fablico asistente pod\u00eda inscribirse on-line en el sitio del Nivel Superior de la Escuela Normal a las diferentes charlas, que se llevaron a cabo en solo cuatro horas. Las tem\u00e1ticas giraron en torno a temas sumamente diversos, que por supuesto est\u00e1n lejos de agotar el amplio campo de la actividad filos\u00f3fica contempor\u00e1nea. Entre los expositores hubo docentes de la casa as\u00ed como especialistas invitados, incluso de centros acad\u00e9micos de otras ciudades.<\/p>\n<p>Entre ellos, expusieron Eduardo Ojeda (\u201cFilosof\u00eda y Poes\u00eda en Juanele Ortiz\u201d),\u00a0 Roberta Gorischnik y Gabriela Celaia (\u201cFilosof\u00eda y educaci\u00f3n\u201d), Rodolfo Leyes (\u201cPensamiento de Karl Marx\u201d), Mario Moras\u00e1n (\u201cLa Filosof\u00eda en los N\u00fameros y Calendarios Maya\u201d), Ivana L\u00f3pez (\u201cFilosof\u00eda y Educaci\u00f3n Sexual Integral\u201d), Pablo Aguzin (\u201cFilosof\u00eda y Decolonialidad\u201d), Federico T\u00e1lamo (\u201cFilosof\u00eda y Movimiento Obrero\u201d), Mario Rovina (\u201cFilosof\u00eda y Ecolog\u00eda\u201d) y Eduardo Campi (\u201cFilosof\u00eda y Ciencia\u201d).<\/p>\n<p>Varias de las actividades eran talleres o charlas interactivas, como el caso de las que dictaron Sabrina Morabes (\u201cFilosof\u00eda con Ni\u00f1os\u201d), Daniel Carbone (\u201cFilosof\u00eda China In corporada: Qi Gong\u201d), Abel Ramos y Brian Gerard (\u201cFilosof\u00eda y Astronom\u00eda\u201d) y el colectivo Tres Gatos Locos (Jesica Heit, Gimena Huck y Cachi Ardaiz, \u201cFilosof\u00eda y Arte: juntos m\u00e1s no revueltos\u201d).<\/p>\n<p>En simult\u00e1neo con las dem\u00e1s actividades, el sal\u00f3n de actos de la Escuela fue escenario de dos importantes paneles, en donde representantes de diferentes colectivos dialogaron sobre temas centrales en la vida actual: el primero, \u201cFilosof\u00eda y Pol\u00edticas Estudiantiles\u201d, con la presencia de representantes de las agrupaciones estudiantiles AES Teresa Ratto (de la Escuela Normal), Frente UADER Entre tod@s, Bandera Roja y MNR (todas de Humanidades Uader). El segundo panel tuvo como tema central \u201cFilosof\u00eda y feminidades\u201d, y participaron all\u00ed representantes de las agrupaciones feministas uruguayenses Ni una menos, Brujas Insurrectas, Mujeres Socialistas, Mujeres Peronistas, 13 Rosas y la AES Teresa Ratto.<\/p>\n<p><strong>EL CIERRE A TODA M\u00daSICA<\/strong><\/p>\n<p>Desde el comienzo de la jornada se vivi\u00f3 un clima de verdadera celebraci\u00f3n, por esa raz\u00f3n la m\u00fasica no pod\u00eda estar ausente. As\u00ed, pasaron por el escenario el conjunto litorale\u00f1o Itay liderado por N\u00e9stor Bassini, que cont\u00f3 incluso con pareja de baile; el d\u00fao Spadnout Ciruela que integran Cecilia Baldunciel y Lisandro Gonz\u00e1lez, con sus creaciones de clara raigambre spinettiana; Romina Blanc y Juliana V\u00e1zquez con sus canciones propias y ajenas; y en el cierre, la murga uruguayense Puntuales pa la Tardanza, que present\u00f3 su espect\u00e1culo \u201cDesde abajo\u201d, con el que compiti\u00f3 (llegando a finalista) en los carnavales de Salto y de Paysand\u00fa, un espect\u00e1culo con profundo contenido reflexivo, que cuestiona el consumismo, el modelo basado en agrot\u00f3xicos, defiende la educaci\u00f3n p\u00fablica y reclama por la salud de los pueblos.<\/p>\n<p><strong>DE INTER\u00c9S MUNICIPAL<\/strong><\/p>\n<p>En el medio de la jornada, los organizadores dieron la noticia de que el Concejo Deliberante local acababa de declarar, por decisi\u00f3n un\u00e1nime, al Dia de la Filosofia \u201cde Inter\u00e9s Municipal\u201d. La secretaria acad\u00e9mica, Prof. Natalia Mansilla, recibi\u00f3 la Declaraci\u00f3n acompa\u00f1ada por el estudiante Gast\u00f3n Iba\u00f1ez y la profesora Gisela Salvarezza.<\/p>\n<p>Adem\u00e1s, la jornada tuvo la visita de autoridades municipales y educativas. As\u00ed, la Directora Departamental de Educaci\u00f3n, Prof. Ana Mar\u00eda Diaz, recorri\u00f3 la escuela y mostr\u00f3 su satisfacci\u00f3n por la iniciativa, declarando: \u201cQuise estar presente porque, cuando curs\u00e9 el Profesorado en esta misma escuela, no tuve esta oportunidad que tienen hoy los alumnos. Celebro que haya sido una instituci\u00f3n p\u00fablica la de la iniciativa, por lo que no pod\u00eda dejar de estar presente y observar esta muestra interactiva y sumamente interesante en la que se pudo acceder a bibliograf\u00eda que, quiz\u00e1s, no es com\u00fan verla en otros lugares. Tambi\u00e9n a charlas sobre la Filosof\u00eda en s\u00ed, la ESI y el ajedrez y la muestra con esculturas del Tobar, por lo que \u00e9sta es una propuesta con m\u00faltiples facetas\u201d, destac\u00f3 la directora departamental.<\/p>\n<p>Tambi\u00e9n se hizo presente el viceintendente municipal, Dr. Mart\u00edn Oliva, quien preside el Concejo Deliberante de Concepci\u00f3n del Uruguay. Oliva expres\u00f3 su inter\u00e9s por la actividad filos\u00f3fica y adelant\u00f3 el apoyo del Concejo que luego se expres\u00f3 en la declaraci\u00f3n de inter\u00e9s aprobada en forma un\u00e1nime. Tambi\u00e9n el concejal Juan Mart\u00edn Garay estuvo recorriendo la escuela y participando de la actividad.<\/p>\n<p><strong>AGRADECIMIENTOS<\/strong><\/p>\n<p>Aunque la lista ser\u00eda interminable, la comisi\u00f3n organizadora del D\u00eda de la Filosof\u00eda quiere hacer constar su enorme agradecimiento a quienes apoyaron la realizaci\u00f3n de la actividad, haci\u00e9ndola posible con su colaboraci\u00f3n: la cooperativa Rio Uruguay Seguros; el rest\u00f3-bar Dolores Costa; la Asociacion de Obreros y Empleados Municipales (AOEM); a las autoridades y docentes del Jard\u00edn de Infantes y del Nivel Primario de la Escuela Normal; a las autoridades y por supuesto a cada una de las personas que dictaron talleres, charlas, expusieron sus obras o colaboraron con la organizaci\u00f3n.<\/p>\n<div id='gallery-1' class='gallery galleryid-1658 gallery-columns-3 gallery-size-medium'><figure class='gallery-item'>\n\t\t\t<div class='gallery-icon landscape'>\n\t\t\t\t<a href='https:\/\/ensmm-ers.infd.edu.ar\/sitio\/con-gran-exito-se-celebro-por-primera-vez-el-dia-de-la-filosofia-en-la-normal\/attachment\/20\/#main'><img width=\"1000\" height=\"563\" src=\"https:\/\/ensmm-ers.infd.edu.ar\/sitio\/wp-content\/uploads\/2018\/11\/20-1000x563.jpeg\" class=\"attachment-medium size-medium\" alt=\"\" decoding=\"async\" loading=\"lazy\" srcset=\"https:\/\/ensmm-ers.infd.edu.ar\/sitio\/wp-content\/uploads\/2018\/11\/20-1000x563.jpeg 1000w, https:\/\/ensmm-ers.infd.edu.ar\/sitio\/wp-content\/uploads\/2018\/11\/20-768x432.jpeg 768w, https:\/\/ensmm-ers.infd.edu.ar\/sitio\/wp-content\/uploads\/2018\/11\/20.jpeg 1280w\" sizes=\"(max-width: 1000px) 100vw, 1000px\" \/><\/a>\n\t\t\t<\/div><\/figure><figure class='gallery-item'>\n\t\t\t<div class='gallery-icon landscape'>\n\t\t\t\t<a href='https:\/\/ensmm-ers.infd.edu.ar\/sitio\/con-gran-exito-se-celebro-por-primera-vez-el-dia-de-la-filosofia-en-la-normal\/attachment\/19\/#main'><img width=\"1000\" height=\"563\" src=\"https:\/\/ensmm-ers.infd.edu.ar\/sitio\/wp-content\/uploads\/2018\/11\/19-1000x563.jpeg\" class=\"attachment-medium size-medium\" alt=\"\" decoding=\"async\" loading=\"lazy\" srcset=\"https:\/\/ensmm-ers.infd.edu.ar\/sitio\/wp-content\/uploads\/2018\/11\/19-1000x563.jpeg 1000w, https:\/\/ensmm-ers.infd.edu.ar\/sitio\/wp-content\/uploads\/2018\/11\/19-768x432.jpeg 768w, https:\/\/ensmm-ers.infd.edu.ar\/sitio\/wp-content\/uploads\/2018\/11\/19.jpeg 1280w\" sizes=\"(max-width: 1000px) 100vw, 1000px\" \/><\/a>\n\t\t\t<\/div><\/figure><figure class='gallery-item'>\n\t\t\t<div class='gallery-icon landscape'>\n\t\t\t\t<a href='https:\/\/ensmm-ers.infd.edu.ar\/sitio\/con-gran-exito-se-celebro-por-primera-vez-el-dia-de-la-filosofia-en-la-normal\/attachment\/18\/#main'><img width=\"1000\" height=\"563\" src=\"https:\/\/ensmm-ers.infd.edu.ar\/sitio\/wp-content\/uploads\/2018\/11\/18-1000x563.jpeg\" class=\"attachment-medium size-medium\" alt=\"\" decoding=\"async\" loading=\"lazy\" srcset=\"https:\/\/ensmm-ers.infd.edu.ar\/sitio\/wp-content\/uploads\/2018\/11\/18-1000x563.jpeg 1000w, https:\/\/ensmm-ers.infd.edu.ar\/sitio\/wp-content\/uploads\/2018\/11\/18-768x432.jpeg 768w, https:\/\/ensmm-ers.infd.edu.ar\/sitio\/wp-content\/uploads\/2018\/11\/18.jpeg 1280w\" sizes=\"(max-width: 1000px) 100vw, 1000px\" \/><\/a>\n\t\t\t<\/div><\/figure><figure class='gallery-item'>\n\t\t\t<div class='gallery-icon landscape'>\n\t\t\t\t<a href='https:\/\/ensmm-ers.infd.edu.ar\/sitio\/con-gran-exito-se-celebro-por-primera-vez-el-dia-de-la-filosofia-en-la-normal\/17-2\/#main'><img width=\"1000\" height=\"563\" src=\"https:\/\/ensmm-ers.infd.edu.ar\/sitio\/wp-content\/uploads\/2018\/11\/17-1000x563.jpeg\" class=\"attachment-medium size-medium\" alt=\"\" decoding=\"async\" loading=\"lazy\" srcset=\"https:\/\/ensmm-ers.infd.edu.ar\/sitio\/wp-content\/uploads\/2018\/11\/17-1000x563.jpeg 1000w, https:\/\/ensmm-ers.infd.edu.ar\/sitio\/wp-content\/uploads\/2018\/11\/17-768x432.jpeg 768w, https:\/\/ensmm-ers.infd.edu.ar\/sitio\/wp-content\/uploads\/2018\/11\/17.jpeg 1280w\" sizes=\"(max-width: 1000px) 100vw, 1000px\" \/><\/a>\n\t\t\t<\/div><\/figure><figure class='gallery-item'>\n\t\t\t<div class='gallery-icon landscape'>\n\t\t\t\t<a href='https:\/\/ensmm-ers.infd.edu.ar\/sitio\/con-gran-exito-se-celebro-por-primera-vez-el-dia-de-la-filosofia-en-la-normal\/attachment\/26\/#main'><img width=\"1000\" height=\"738\" src=\"https:\/\/ensmm-ers.infd.edu.ar\/sitio\/wp-content\/uploads\/2018\/11\/26-1000x738.jpeg\" class=\"attachment-medium size-medium\" alt=\"\" decoding=\"async\" loading=\"lazy\" srcset=\"https:\/\/ensmm-ers.infd.edu.ar\/sitio\/wp-content\/uploads\/2018\/11\/26-1000x738.jpeg 1000w, https:\/\/ensmm-ers.infd.edu.ar\/sitio\/wp-content\/uploads\/2018\/11\/26-768x567.jpeg 768w, https:\/\/ensmm-ers.infd.edu.ar\/sitio\/wp-content\/uploads\/2018\/11\/26.jpeg 1280w\" sizes=\"(max-width: 1000px) 100vw, 1000px\" \/><\/a>\n\t\t\t<\/div><\/figure><figure class='gallery-item'>\n\t\t\t<div class='gallery-icon landscape'>\n\t\t\t\t<a href='https:\/\/ensmm-ers.infd.edu.ar\/sitio\/con-gran-exito-se-celebro-por-primera-vez-el-dia-de-la-filosofia-en-la-normal\/attachment\/24\/#main'><img width=\"1000\" height=\"750\" src=\"https:\/\/ensmm-ers.infd.edu.ar\/sitio\/wp-content\/uploads\/2018\/11\/24-1000x750.jpeg\" class=\"attachment-medium size-medium\" alt=\"\" decoding=\"async\" loading=\"lazy\" srcset=\"https:\/\/ensmm-ers.infd.edu.ar\/sitio\/wp-content\/uploads\/2018\/11\/24-1000x750.jpeg 1000w, https:\/\/ensmm-ers.infd.edu.ar\/sitio\/wp-content\/uploads\/2018\/11\/24-768x576.jpeg 768w, https:\/\/ensmm-ers.infd.edu.ar\/sitio\/wp-content\/uploads\/2018\/11\/24.jpeg 1280w\" sizes=\"(max-width: 1000px) 100vw, 1000px\" \/><\/a>\n\t\t\t<\/div><\/figure><figure class='gallery-item'>\n\t\t\t<div class='gallery-icon landscape'>\n\t\t\t\t<a href='https:\/\/ensmm-ers.infd.edu.ar\/sitio\/con-gran-exito-se-celebro-por-primera-vez-el-dia-de-la-filosofia-en-la-normal\/attachment\/23\/#main'><img width=\"1000\" height=\"750\" src=\"https:\/\/ensmm-ers.infd.edu.ar\/sitio\/wp-content\/uploads\/2018\/11\/23-1000x750.jpeg\" class=\"attachment-medium size-medium\" alt=\"\" decoding=\"async\" loading=\"lazy\" srcset=\"https:\/\/ensmm-ers.infd.edu.ar\/sitio\/wp-content\/uploads\/2018\/11\/23-1000x750.jpeg 1000w, https:\/\/ensmm-ers.infd.edu.ar\/sitio\/wp-content\/uploads\/2018\/11\/23-768x576.jpeg 768w, https:\/\/ensmm-ers.infd.edu.ar\/sitio\/wp-content\/uploads\/2018\/11\/23.jpeg 1280w\" sizes=\"(max-width: 1000px) 100vw, 1000px\" \/><\/a>\n\t\t\t<\/div><\/figure><figure class='gallery-item'>\n\t\t\t<div class='gallery-icon landscape'>\n\t\t\t\t<a href='https:\/\/ensmm-ers.infd.edu.ar\/sitio\/con-gran-exito-se-celebro-por-primera-vez-el-dia-de-la-filosofia-en-la-normal\/attachment\/21\/#main'><img width=\"1000\" height=\"563\" src=\"https:\/\/ensmm-ers.infd.edu.ar\/sitio\/wp-content\/uploads\/2018\/11\/21-1000x563.jpeg\" class=\"attachment-medium size-medium\" alt=\"\" decoding=\"async\" loading=\"lazy\" srcset=\"https:\/\/ensmm-ers.infd.edu.ar\/sitio\/wp-content\/uploads\/2018\/11\/21-1000x563.jpeg 1000w, https:\/\/ensmm-ers.infd.edu.ar\/sitio\/wp-content\/uploads\/2018\/11\/21-768x432.jpeg 768w, https:\/\/ensmm-ers.infd.edu.ar\/sitio\/wp-content\/uploads\/2018\/11\/21.jpeg 1280w\" sizes=\"(max-width: 1000px) 100vw, 1000px\" \/><\/a>\n\t\t\t<\/div><\/figure><figure class='gallery-item'>\n\t\t\t<div class='gallery-icon landscape'>\n\t\t\t\t<a href='https:\/\/ensmm-ers.infd.edu.ar\/sitio\/con-gran-exito-se-celebro-por-primera-vez-el-dia-de-la-filosofia-en-la-normal\/16-2\/#main'><img width=\"1000\" height=\"563\" src=\"https:\/\/ensmm-ers.infd.edu.ar\/sitio\/wp-content\/uploads\/2018\/11\/16-1000x563.jpeg\" class=\"attachment-medium size-medium\" alt=\"\" decoding=\"async\" loading=\"lazy\" srcset=\"https:\/\/ensmm-ers.infd.edu.ar\/sitio\/wp-content\/uploads\/2018\/11\/16-1000x563.jpeg 1000w, https:\/\/ensmm-ers.infd.edu.ar\/sitio\/wp-content\/uploads\/2018\/11\/16-768x432.jpeg 768w, https:\/\/ensmm-ers.infd.edu.ar\/sitio\/wp-content\/uploads\/2018\/11\/16.jpeg 1280w\" sizes=\"(max-width: 1000px) 100vw, 1000px\" \/><\/a>\n\t\t\t<\/div><\/figure><figure class='gallery-item'>\n\t\t\t<div class='gallery-icon landscape'>\n\t\t\t\t<a href='https:\/\/ensmm-ers.infd.edu.ar\/sitio\/con-gran-exito-se-celebro-por-primera-vez-el-dia-de-la-filosofia-en-la-normal\/attachment\/25\/#main'><img width=\"1000\" height=\"750\" src=\"https:\/\/ensmm-ers.infd.edu.ar\/sitio\/wp-content\/uploads\/2018\/11\/25-1000x750.jpeg\" class=\"attachment-medium size-medium\" alt=\"\" decoding=\"async\" loading=\"lazy\" srcset=\"https:\/\/ensmm-ers.infd.edu.ar\/sitio\/wp-content\/uploads\/2018\/11\/25-1000x750.jpeg 1000w, https:\/\/ensmm-ers.infd.edu.ar\/sitio\/wp-content\/uploads\/2018\/11\/25-768x576.jpeg 768w, https:\/\/ensmm-ers.infd.edu.ar\/sitio\/wp-content\/uploads\/2018\/11\/25.jpeg 1280w\" sizes=\"(max-width: 1000px) 100vw, 1000px\" \/><\/a>\n\t\t\t<\/div><\/figure><figure class='gallery-item'>\n\t\t\t<div class='gallery-icon landscape'>\n\t\t\t\t<a href='https:\/\/ensmm-ers.infd.edu.ar\/sitio\/con-gran-exito-se-celebro-por-primera-vez-el-dia-de-la-filosofia-en-la-normal\/15-2\/#main'><img width=\"1000\" height=\"750\" src=\"https:\/\/ensmm-ers.infd.edu.ar\/sitio\/wp-content\/uploads\/2018\/11\/15-1000x750.jpeg\" class=\"attachment-medium size-medium\" alt=\"\" decoding=\"async\" loading=\"lazy\" srcset=\"https:\/\/ensmm-ers.infd.edu.ar\/sitio\/wp-content\/uploads\/2018\/11\/15-1000x750.jpeg 1000w, https:\/\/ensmm-ers.infd.edu.ar\/sitio\/wp-content\/uploads\/2018\/11\/15-768x576.jpeg 768w, https:\/\/ensmm-ers.infd.edu.ar\/sitio\/wp-content\/uploads\/2018\/11\/15.jpeg 1280w\" sizes=\"(max-width: 1000px) 100vw, 1000px\" \/><\/a>\n\t\t\t<\/div><\/figure><figure class='gallery-item'>\n\t\t\t<div class='gallery-icon landscape'>\n\t\t\t\t<a href='https:\/\/ensmm-ers.infd.edu.ar\/sitio\/con-gran-exito-se-celebro-por-primera-vez-el-dia-de-la-filosofia-en-la-normal\/10-4\/#main'><img width=\"1000\" height=\"666\" src=\"https:\/\/ensmm-ers.infd.edu.ar\/sitio\/wp-content\/uploads\/2018\/11\/10-1000x666.jpeg\" class=\"attachment-medium size-medium\" alt=\"\" decoding=\"async\" loading=\"lazy\" srcset=\"https:\/\/ensmm-ers.infd.edu.ar\/sitio\/wp-content\/uploads\/2018\/11\/10-1000x666.jpeg 1000w, https:\/\/ensmm-ers.infd.edu.ar\/sitio\/wp-content\/uploads\/2018\/11\/10-768x512.jpeg 768w, https:\/\/ensmm-ers.infd.edu.ar\/sitio\/wp-content\/uploads\/2018\/11\/10.jpeg 1280w\" sizes=\"(max-width: 1000px) 100vw, 1000px\" \/><\/a>\n\t\t\t<\/div><\/figure><figure class='gallery-item'>\n\t\t\t<div class='gallery-icon landscape'>\n\t\t\t\t<a href='https:\/\/ensmm-ers.infd.edu.ar\/sitio\/con-gran-exito-se-celebro-por-primera-vez-el-dia-de-la-filosofia-en-la-normal\/12-4\/#main'><img width=\"1000\" height=\"750\" src=\"https:\/\/ensmm-ers.infd.edu.ar\/sitio\/wp-content\/uploads\/2018\/11\/12-1000x750.jpeg\" class=\"attachment-medium size-medium\" alt=\"\" decoding=\"async\" loading=\"lazy\" srcset=\"https:\/\/ensmm-ers.infd.edu.ar\/sitio\/wp-content\/uploads\/2018\/11\/12-1000x750.jpeg 1000w, https:\/\/ensmm-ers.infd.edu.ar\/sitio\/wp-content\/uploads\/2018\/11\/12-768x576.jpeg 768w, https:\/\/ensmm-ers.infd.edu.ar\/sitio\/wp-content\/uploads\/2018\/11\/12.jpeg 1032w\" sizes=\"(max-width: 1000px) 100vw, 1000px\" \/><\/a>\n\t\t\t<\/div><\/figure><figure class='gallery-item'>\n\t\t\t<div class='gallery-icon landscape'>\n\t\t\t\t<a href='https:\/\/ensmm-ers.infd.edu.ar\/sitio\/con-gran-exito-se-celebro-por-primera-vez-el-dia-de-la-filosofia-en-la-normal\/attachment\/40\/#main'><img width=\"1000\" height=\"563\" src=\"https:\/\/ensmm-ers.infd.edu.ar\/sitio\/wp-content\/uploads\/2018\/11\/40-1000x563.jpeg\" class=\"attachment-medium size-medium\" alt=\"\" decoding=\"async\" loading=\"lazy\" srcset=\"https:\/\/ensmm-ers.infd.edu.ar\/sitio\/wp-content\/uploads\/2018\/11\/40-1000x563.jpeg 1000w, https:\/\/ensmm-ers.infd.edu.ar\/sitio\/wp-content\/uploads\/2018\/11\/40-768x432.jpeg 768w, https:\/\/ensmm-ers.infd.edu.ar\/sitio\/wp-content\/uploads\/2018\/11\/40.jpeg 1152w\" sizes=\"(max-width: 1000px) 100vw, 1000px\" \/><\/a>\n\t\t\t<\/div><\/figure><figure class='gallery-item'>\n\t\t\t<div class='gallery-icon landscape'>\n\t\t\t\t<a href='https:\/\/ensmm-ers.infd.edu.ar\/sitio\/con-gran-exito-se-celebro-por-primera-vez-el-dia-de-la-filosofia-en-la-normal\/attachment\/09\/#main'><img width=\"1000\" height=\"666\" src=\"https:\/\/ensmm-ers.infd.edu.ar\/sitio\/wp-content\/uploads\/2018\/11\/09-1000x666.jpeg\" class=\"attachment-medium size-medium\" alt=\"\" decoding=\"async\" loading=\"lazy\" srcset=\"https:\/\/ensmm-ers.infd.edu.ar\/sitio\/wp-content\/uploads\/2018\/11\/09-1000x666.jpeg 1000w, https:\/\/ensmm-ers.infd.edu.ar\/sitio\/wp-content\/uploads\/2018\/11\/09-768x512.jpeg 768w, https:\/\/ensmm-ers.infd.edu.ar\/sitio\/wp-content\/uploads\/2018\/11\/09.jpeg 1280w\" sizes=\"(max-width: 1000px) 100vw, 1000px\" \/><\/a>\n\t\t\t<\/div><\/figure><figure class='gallery-item'>\n\t\t\t<div class='gallery-icon landscape'>\n\t\t\t\t<a href='https:\/\/ensmm-ers.infd.edu.ar\/sitio\/con-gran-exito-se-celebro-por-primera-vez-el-dia-de-la-filosofia-en-la-normal\/attachment\/07\/#main'><img width=\"1000\" height=\"827\" src=\"https:\/\/ensmm-ers.infd.edu.ar\/sitio\/wp-content\/uploads\/2018\/11\/07-1000x827.jpeg\" class=\"attachment-medium size-medium\" alt=\"\" decoding=\"async\" loading=\"lazy\" srcset=\"https:\/\/ensmm-ers.infd.edu.ar\/sitio\/wp-content\/uploads\/2018\/11\/07-1000x827.jpeg 1000w, https:\/\/ensmm-ers.infd.edu.ar\/sitio\/wp-content\/uploads\/2018\/11\/07-768x635.jpeg 768w, https:\/\/ensmm-ers.infd.edu.ar\/sitio\/wp-content\/uploads\/2018\/11\/07.jpeg 1280w\" sizes=\"(max-width: 1000px) 100vw, 1000px\" \/><\/a>\n\t\t\t<\/div><\/figure><figure class='gallery-item'>\n\t\t\t<div class='gallery-icon landscape'>\n\t\t\t\t<a href='https:\/\/ensmm-ers.infd.edu.ar\/sitio\/con-gran-exito-se-celebro-por-primera-vez-el-dia-de-la-filosofia-en-la-normal\/14-4\/#main'><img width=\"1000\" height=\"750\" src=\"https:\/\/ensmm-ers.infd.edu.ar\/sitio\/wp-content\/uploads\/2018\/11\/14-1000x750.jpeg\" class=\"attachment-medium size-medium\" alt=\"\" decoding=\"async\" loading=\"lazy\" srcset=\"https:\/\/ensmm-ers.infd.edu.ar\/sitio\/wp-content\/uploads\/2018\/11\/14-1000x750.jpeg 1000w, https:\/\/ensmm-ers.infd.edu.ar\/sitio\/wp-content\/uploads\/2018\/11\/14-768x576.jpeg 768w, https:\/\/ensmm-ers.infd.edu.ar\/sitio\/wp-content\/uploads\/2018\/11\/14.jpeg 1032w\" sizes=\"(max-width: 1000px) 100vw, 1000px\" \/><\/a>\n\t\t\t<\/div><\/figure><figure class='gallery-item'>\n\t\t\t<div class='gallery-icon landscape'>\n\t\t\t\t<a href='https:\/\/ensmm-ers.infd.edu.ar\/sitio\/con-gran-exito-se-celebro-por-primera-vez-el-dia-de-la-filosofia-en-la-normal\/13-4\/#main'><img width=\"1000\" height=\"750\" src=\"https:\/\/ensmm-ers.infd.edu.ar\/sitio\/wp-content\/uploads\/2018\/11\/13-1000x750.jpeg\" class=\"attachment-medium size-medium\" alt=\"\" decoding=\"async\" loading=\"lazy\" srcset=\"https:\/\/ensmm-ers.infd.edu.ar\/sitio\/wp-content\/uploads\/2018\/11\/13-1000x750.jpeg 1000w, https:\/\/ensmm-ers.infd.edu.ar\/sitio\/wp-content\/uploads\/2018\/11\/13-768x576.jpeg 768w, https:\/\/ensmm-ers.infd.edu.ar\/sitio\/wp-content\/uploads\/2018\/11\/13.jpeg 1032w\" sizes=\"(max-width: 1000px) 100vw, 1000px\" \/><\/a>\n\t\t\t<\/div><\/figure><figure class='gallery-item'>\n\t\t\t<div class='gallery-icon landscape'>\n\t\t\t\t<a href='https:\/\/ensmm-ers.infd.edu.ar\/sitio\/con-gran-exito-se-celebro-por-primera-vez-el-dia-de-la-filosofia-en-la-normal\/11-5\/#main'><img width=\"1000\" height=\"750\" src=\"https:\/\/ensmm-ers.infd.edu.ar\/sitio\/wp-content\/uploads\/2018\/11\/11-1000x750.jpeg\" class=\"attachment-medium size-medium\" alt=\"\" decoding=\"async\" loading=\"lazy\" srcset=\"https:\/\/ensmm-ers.infd.edu.ar\/sitio\/wp-content\/uploads\/2018\/11\/11-1000x750.jpeg 1000w, https:\/\/ensmm-ers.infd.edu.ar\/sitio\/wp-content\/uploads\/2018\/11\/11-768x576.jpeg 768w, https:\/\/ensmm-ers.infd.edu.ar\/sitio\/wp-content\/uploads\/2018\/11\/11.jpeg 1032w\" sizes=\"(max-width: 1000px) 100vw, 1000px\" \/><\/a>\n\t\t\t<\/div><\/figure><figure class='gallery-item'>\n\t\t\t<div class='gallery-icon landscape'>\n\t\t\t\t<a href='https:\/\/ensmm-ers.infd.edu.ar\/sitio\/con-gran-exito-se-celebro-por-primera-vez-el-dia-de-la-filosofia-en-la-normal\/attachment\/06\/#main'><img width=\"1000\" height=\"563\" src=\"https:\/\/ensmm-ers.infd.edu.ar\/sitio\/wp-content\/uploads\/2018\/11\/06-1000x563.jpeg\" class=\"attachment-medium size-medium\" alt=\"\" decoding=\"async\" loading=\"lazy\" srcset=\"https:\/\/ensmm-ers.infd.edu.ar\/sitio\/wp-content\/uploads\/2018\/11\/06-1000x563.jpeg 1000w, https:\/\/ensmm-ers.infd.edu.ar\/sitio\/wp-content\/uploads\/2018\/11\/06-768x432.jpeg 768w, https:\/\/ensmm-ers.infd.edu.ar\/sitio\/wp-content\/uploads\/2018\/11\/06.jpeg 1040w\" sizes=\"(max-width: 1000px) 100vw, 1000px\" \/><\/a>\n\t\t\t<\/div><\/figure><figure class='gallery-item'>\n\t\t\t<div class='gallery-icon landscape'>\n\t\t\t\t<a href='https:\/\/ensmm-ers.infd.edu.ar\/sitio\/con-gran-exito-se-celebro-por-primera-vez-el-dia-de-la-filosofia-en-la-normal\/attachment\/08\/#main'><img width=\"1000\" height=\"666\" src=\"https:\/\/ensmm-ers.infd.edu.ar\/sitio\/wp-content\/uploads\/2018\/11\/08-1000x666.jpeg\" class=\"attachment-medium size-medium\" alt=\"\" decoding=\"async\" loading=\"lazy\" srcset=\"https:\/\/ensmm-ers.infd.edu.ar\/sitio\/wp-content\/uploads\/2018\/11\/08-1000x666.jpeg 1000w, https:\/\/ensmm-ers.infd.edu.ar\/sitio\/wp-content\/uploads\/2018\/11\/08-768x512.jpeg 768w, https:\/\/ensmm-ers.infd.edu.ar\/sitio\/wp-content\/uploads\/2018\/11\/08.jpeg 1280w\" sizes=\"(max-width: 1000px) 100vw, 1000px\" \/><\/a>\n\t\t\t<\/div><\/figure><figure class='gallery-item'>\n\t\t\t<div class='gallery-icon landscape'>\n\t\t\t\t<a href='https:\/\/ensmm-ers.infd.edu.ar\/sitio\/con-gran-exito-se-celebro-por-primera-vez-el-dia-de-la-filosofia-en-la-normal\/attachment\/05\/#main'><img width=\"1000\" height=\"727\" src=\"https:\/\/ensmm-ers.infd.edu.ar\/sitio\/wp-content\/uploads\/2018\/11\/05-1000x727.jpeg\" class=\"attachment-medium size-medium\" alt=\"\" decoding=\"async\" loading=\"lazy\" srcset=\"https:\/\/ensmm-ers.infd.edu.ar\/sitio\/wp-content\/uploads\/2018\/11\/05-1000x727.jpeg 1000w, https:\/\/ensmm-ers.infd.edu.ar\/sitio\/wp-content\/uploads\/2018\/11\/05-768x558.jpeg 768w, https:\/\/ensmm-ers.infd.edu.ar\/sitio\/wp-content\/uploads\/2018\/11\/05.jpeg 1280w\" sizes=\"(max-width: 1000px) 100vw, 1000px\" \/><\/a>\n\t\t\t<\/div><\/figure><figure class='gallery-item'>\n\t\t\t<div class='gallery-icon landscape'>\n\t\t\t\t<a href='https:\/\/ensmm-ers.infd.edu.ar\/sitio\/con-gran-exito-se-celebro-por-primera-vez-el-dia-de-la-filosofia-en-la-normal\/22-2\/#main'><img width=\"585\" height=\"459\" src=\"https:\/\/ensmm-ers.infd.edu.ar\/sitio\/wp-content\/uploads\/2018\/11\/22-1.jpeg\" class=\"attachment-medium size-medium\" alt=\"\" decoding=\"async\" loading=\"lazy\" \/><\/a>\n\t\t\t<\/div><\/figure><figure class='gallery-item'>\n\t\t\t<div class='gallery-icon landscape'>\n\t\t\t\t<a href='https:\/\/ensmm-ers.infd.edu.ar\/sitio\/con-gran-exito-se-celebro-por-primera-vez-el-dia-de-la-filosofia-en-la-normal\/attachment\/04\/#main'><img width=\"750\" height=\"562\" src=\"https:\/\/ensmm-ers.infd.edu.ar\/sitio\/wp-content\/uploads\/2018\/11\/04.jpeg\" class=\"attachment-medium size-medium\" alt=\"\" decoding=\"async\" loading=\"lazy\" \/><\/a>\n\t\t\t<\/div><\/figure><figure class='gallery-item'>\n\t\t\t<div class='gallery-icon landscape'>\n\t\t\t\t<a href='https:\/\/ensmm-ers.infd.edu.ar\/sitio\/con-gran-exito-se-celebro-por-primera-vez-el-dia-de-la-filosofia-en-la-normal\/attachment\/03\/#main'><img width=\"1000\" height=\"750\" src=\"https:\/\/ensmm-ers.infd.edu.ar\/sitio\/wp-content\/uploads\/2018\/11\/03-1000x750.jpeg\" class=\"attachment-medium size-medium\" alt=\"\" decoding=\"async\" loading=\"lazy\" srcset=\"https:\/\/ensmm-ers.infd.edu.ar\/sitio\/wp-content\/uploads\/2018\/11\/03-1000x750.jpeg 1000w, https:\/\/ensmm-ers.infd.edu.ar\/sitio\/wp-content\/uploads\/2018\/11\/03-768x576.jpeg 768w, https:\/\/ensmm-ers.infd.edu.ar\/sitio\/wp-content\/uploads\/2018\/11\/03.jpeg 1032w\" sizes=\"(max-width: 1000px) 100vw, 1000px\" \/><\/a>\n\t\t\t<\/div><\/figure><figure class='gallery-item'>\n\t\t\t<div class='gallery-icon landscape'>\n\t\t\t\t<a href='https:\/\/ensmm-ers.infd.edu.ar\/sitio\/con-gran-exito-se-celebro-por-primera-vez-el-dia-de-la-filosofia-en-la-normal\/attachment\/02\/#main'><img width=\"1000\" height=\"750\" src=\"https:\/\/ensmm-ers.infd.edu.ar\/sitio\/wp-content\/uploads\/2018\/11\/02-1000x750.jpeg\" class=\"attachment-medium size-medium\" alt=\"\" decoding=\"async\" loading=\"lazy\" srcset=\"https:\/\/ensmm-ers.infd.edu.ar\/sitio\/wp-content\/uploads\/2018\/11\/02-1000x750.jpeg 1000w, https:\/\/ensmm-ers.infd.edu.ar\/sitio\/wp-content\/uploads\/2018\/11\/02-768x576.jpeg 768w, https:\/\/ensmm-ers.infd.edu.ar\/sitio\/wp-content\/uploads\/2018\/11\/02.jpeg 1032w\" sizes=\"(max-width: 1000px) 100vw, 1000px\" \/><\/a>\n\t\t\t<\/div><\/figure><figure class='gallery-item'>\n\t\t\t<div class='gallery-icon landscape'>\n\t\t\t\t<a href='https:\/\/ensmm-ers.infd.edu.ar\/sitio\/con-gran-exito-se-celebro-por-primera-vez-el-dia-de-la-filosofia-en-la-normal\/attachment\/01\/#main'><img width=\"1000\" height=\"750\" src=\"https:\/\/ensmm-ers.infd.edu.ar\/sitio\/wp-content\/uploads\/2018\/11\/01-1000x750.jpeg\" class=\"attachment-medium size-medium\" alt=\"\" decoding=\"async\" loading=\"lazy\" srcset=\"https:\/\/ensmm-ers.infd.edu.ar\/sitio\/wp-content\/uploads\/2018\/11\/01-1000x750.jpeg 1000w, https:\/\/ensmm-ers.infd.edu.ar\/sitio\/wp-content\/uploads\/2018\/11\/01-768x576.jpeg 768w, https:\/\/ensmm-ers.infd.edu.ar\/sitio\/wp-content\/uploads\/2018\/11\/01.jpeg 1032w\" sizes=\"(max-width: 1000px) 100vw, 1000px\" \/><\/a>\n\t\t\t<\/div><\/figure><figure class='gallery-item'>\n\t\t\t<div class='gallery-icon landscape'>\n\t\t\t\t<a href='https:\/\/ensmm-ers.infd.edu.ar\/sitio\/con-gran-exito-se-celebro-por-primera-vez-el-dia-de-la-filosofia-en-la-normal\/attachment\/36\/#main'><img width=\"1000\" height=\"750\" src=\"https:\/\/ensmm-ers.infd.edu.ar\/sitio\/wp-content\/uploads\/2018\/11\/36-1000x750.jpeg\" class=\"attachment-medium size-medium\" alt=\"\" decoding=\"async\" loading=\"lazy\" srcset=\"https:\/\/ensmm-ers.infd.edu.ar\/sitio\/wp-content\/uploads\/2018\/11\/36-1000x750.jpeg 1000w, https:\/\/ensmm-ers.infd.edu.ar\/sitio\/wp-content\/uploads\/2018\/11\/36-768x576.jpeg 768w, https:\/\/ensmm-ers.infd.edu.ar\/sitio\/wp-content\/uploads\/2018\/11\/36.jpeg 1040w\" sizes=\"(max-width: 1000px) 100vw, 1000px\" \/><\/a>\n\t\t\t<\/div><\/figure><figure class='gallery-item'>\n\t\t\t<div class='gallery-icon landscape'>\n\t\t\t\t<a href='https:\/\/ensmm-ers.infd.edu.ar\/sitio\/con-gran-exito-se-celebro-por-primera-vez-el-dia-de-la-filosofia-en-la-normal\/attachment\/38\/#main'><img width=\"1000\" height=\"750\" src=\"https:\/\/ensmm-ers.infd.edu.ar\/sitio\/wp-content\/uploads\/2018\/11\/38-1000x750.jpeg\" class=\"attachment-medium size-medium\" alt=\"\" decoding=\"async\" loading=\"lazy\" srcset=\"https:\/\/ensmm-ers.infd.edu.ar\/sitio\/wp-content\/uploads\/2018\/11\/38-1000x750.jpeg 1000w, https:\/\/ensmm-ers.infd.edu.ar\/sitio\/wp-content\/uploads\/2018\/11\/38-768x576.jpeg 768w, https:\/\/ensmm-ers.infd.edu.ar\/sitio\/wp-content\/uploads\/2018\/11\/38.jpeg 1280w\" sizes=\"(max-width: 1000px) 100vw, 1000px\" \/><\/a>\n\t\t\t<\/div><\/figure><figure class='gallery-item'>\n\t\t\t<div class='gallery-icon landscape'>\n\t\t\t\t<a href='https:\/\/ensmm-ers.infd.edu.ar\/sitio\/con-gran-exito-se-celebro-por-primera-vez-el-dia-de-la-filosofia-en-la-normal\/attachment\/39\/#main'><img width=\"1000\" height=\"750\" src=\"https:\/\/ensmm-ers.infd.edu.ar\/sitio\/wp-content\/uploads\/2018\/11\/39-1000x750.jpeg\" class=\"attachment-medium size-medium\" alt=\"\" decoding=\"async\" loading=\"lazy\" srcset=\"https:\/\/ensmm-ers.infd.edu.ar\/sitio\/wp-content\/uploads\/2018\/11\/39-1000x750.jpeg 1000w, https:\/\/ensmm-ers.infd.edu.ar\/sitio\/wp-content\/uploads\/2018\/11\/39-768x576.jpeg 768w, https:\/\/ensmm-ers.infd.edu.ar\/sitio\/wp-content\/uploads\/2018\/11\/39.jpeg 1280w\" sizes=\"(max-width: 1000px) 100vw, 1000px\" \/><\/a>\n\t\t\t<\/div><\/figure><figure class='gallery-item'>\n\t\t\t<div class='gallery-icon landscape'>\n\t\t\t\t<a href='https:\/\/ensmm-ers.infd.edu.ar\/sitio\/con-gran-exito-se-celebro-por-primera-vez-el-dia-de-la-filosofia-en-la-normal\/attachment\/28\/#main'><img width=\"1000\" height=\"666\" src=\"https:\/\/ensmm-ers.infd.edu.ar\/sitio\/wp-content\/uploads\/2018\/11\/28-1000x666.jpeg\" class=\"attachment-medium size-medium\" alt=\"\" decoding=\"async\" loading=\"lazy\" srcset=\"https:\/\/ensmm-ers.infd.edu.ar\/sitio\/wp-content\/uploads\/2018\/11\/28-1000x666.jpeg 1000w, https:\/\/ensmm-ers.infd.edu.ar\/sitio\/wp-content\/uploads\/2018\/11\/28-768x512.jpeg 768w, https:\/\/ensmm-ers.infd.edu.ar\/sitio\/wp-content\/uploads\/2018\/11\/28.jpeg 1280w\" sizes=\"(max-width: 1000px) 100vw, 1000px\" \/><\/a>\n\t\t\t<\/div><\/figure><figure class='gallery-item'>\n\t\t\t<div class='gallery-icon landscape'>\n\t\t\t\t<a href='https:\/\/ensmm-ers.infd.edu.ar\/sitio\/con-gran-exito-se-celebro-por-primera-vez-el-dia-de-la-filosofia-en-la-normal\/attachment\/29\/#main'><img width=\"1000\" height=\"666\" src=\"https:\/\/ensmm-ers.infd.edu.ar\/sitio\/wp-content\/uploads\/2018\/11\/29-1000x666.jpeg\" class=\"attachment-medium size-medium\" alt=\"\" decoding=\"async\" loading=\"lazy\" srcset=\"https:\/\/ensmm-ers.infd.edu.ar\/sitio\/wp-content\/uploads\/2018\/11\/29-1000x666.jpeg 1000w, https:\/\/ensmm-ers.infd.edu.ar\/sitio\/wp-content\/uploads\/2018\/11\/29-768x512.jpeg 768w, https:\/\/ensmm-ers.infd.edu.ar\/sitio\/wp-content\/uploads\/2018\/11\/29.jpeg 1280w\" sizes=\"(max-width: 1000px) 100vw, 1000px\" \/><\/a>\n\t\t\t<\/div><\/figure><figure class='gallery-item'>\n\t\t\t<div class='gallery-icon landscape'>\n\t\t\t\t<a href='https:\/\/ensmm-ers.infd.edu.ar\/sitio\/con-gran-exito-se-celebro-por-primera-vez-el-dia-de-la-filosofia-en-la-normal\/attachment\/30\/#main'><img width=\"1000\" height=\"750\" src=\"https:\/\/ensmm-ers.infd.edu.ar\/sitio\/wp-content\/uploads\/2018\/11\/30-1000x750.jpeg\" class=\"attachment-medium size-medium\" alt=\"\" decoding=\"async\" loading=\"lazy\" srcset=\"https:\/\/ensmm-ers.infd.edu.ar\/sitio\/wp-content\/uploads\/2018\/11\/30-1000x750.jpeg 1000w, https:\/\/ensmm-ers.infd.edu.ar\/sitio\/wp-content\/uploads\/2018\/11\/30-768x576.jpeg 768w, https:\/\/ensmm-ers.infd.edu.ar\/sitio\/wp-content\/uploads\/2018\/11\/30.jpeg 1280w\" sizes=\"(max-width: 1000px) 100vw, 1000px\" \/><\/a>\n\t\t\t<\/div><\/figure><figure class='gallery-item'>\n\t\t\t<div class='gallery-icon landscape'>\n\t\t\t\t<a href='https:\/\/ensmm-ers.infd.edu.ar\/sitio\/con-gran-exito-se-celebro-por-primera-vez-el-dia-de-la-filosofia-en-la-normal\/attachment\/31\/#main'><img width=\"1000\" height=\"666\" src=\"https:\/\/ensmm-ers.infd.edu.ar\/sitio\/wp-content\/uploads\/2018\/11\/31-1000x666.jpeg\" class=\"attachment-medium size-medium\" alt=\"\" decoding=\"async\" loading=\"lazy\" srcset=\"https:\/\/ensmm-ers.infd.edu.ar\/sitio\/wp-content\/uploads\/2018\/11\/31-1000x666.jpeg 1000w, https:\/\/ensmm-ers.infd.edu.ar\/sitio\/wp-content\/uploads\/2018\/11\/31-768x512.jpeg 768w, https:\/\/ensmm-ers.infd.edu.ar\/sitio\/wp-content\/uploads\/2018\/11\/31.jpeg 1280w\" sizes=\"(max-width: 1000px) 100vw, 1000px\" \/><\/a>\n\t\t\t<\/div><\/figure><figure class='gallery-item'>\n\t\t\t<div class='gallery-icon landscape'>\n\t\t\t\t<a href='https:\/\/ensmm-ers.infd.edu.ar\/sitio\/con-gran-exito-se-celebro-por-primera-vez-el-dia-de-la-filosofia-en-la-normal\/attachment\/32\/#main'><img width=\"1000\" height=\"666\" src=\"https:\/\/ensmm-ers.infd.edu.ar\/sitio\/wp-content\/uploads\/2018\/11\/32-1000x666.jpeg\" class=\"attachment-medium size-medium\" alt=\"\" decoding=\"async\" loading=\"lazy\" srcset=\"https:\/\/ensmm-ers.infd.edu.ar\/sitio\/wp-content\/uploads\/2018\/11\/32-1000x666.jpeg 1000w, https:\/\/ensmm-ers.infd.edu.ar\/sitio\/wp-content\/uploads\/2018\/11\/32-768x512.jpeg 768w, https:\/\/ensmm-ers.infd.edu.ar\/sitio\/wp-content\/uploads\/2018\/11\/32.jpeg 1280w\" sizes=\"(max-width: 1000px) 100vw, 1000px\" \/><\/a>\n\t\t\t<\/div><\/figure><figure class='gallery-item'>\n\t\t\t<div class='gallery-icon landscape'>\n\t\t\t\t<a href='https:\/\/ensmm-ers.infd.edu.ar\/sitio\/con-gran-exito-se-celebro-por-primera-vez-el-dia-de-la-filosofia-en-la-normal\/attachment\/33\/#main'><img width=\"1000\" height=\"750\" src=\"https:\/\/ensmm-ers.infd.edu.ar\/sitio\/wp-content\/uploads\/2018\/11\/33-1000x750.jpeg\" class=\"attachment-medium size-medium\" alt=\"\" decoding=\"async\" loading=\"lazy\" srcset=\"https:\/\/ensmm-ers.infd.edu.ar\/sitio\/wp-content\/uploads\/2018\/11\/33-1000x750.jpeg 1000w, https:\/\/ensmm-ers.infd.edu.ar\/sitio\/wp-content\/uploads\/2018\/11\/33-768x576.jpeg 768w, https:\/\/ensmm-ers.infd.edu.ar\/sitio\/wp-content\/uploads\/2018\/11\/33.jpeg 1280w\" sizes=\"(max-width: 1000px) 100vw, 1000px\" \/><\/a>\n\t\t\t<\/div><\/figure><figure class='gallery-item'>\n\t\t\t<div class='gallery-icon landscape'>\n\t\t\t\t<a href='https:\/\/ensmm-ers.infd.edu.ar\/sitio\/con-gran-exito-se-celebro-por-primera-vez-el-dia-de-la-filosofia-en-la-normal\/attachment\/35\/#main'><img width=\"1000\" height=\"750\" src=\"https:\/\/ensmm-ers.infd.edu.ar\/sitio\/wp-content\/uploads\/2018\/11\/35-1000x750.jpeg\" class=\"attachment-medium size-medium\" alt=\"\" decoding=\"async\" loading=\"lazy\" srcset=\"https:\/\/ensmm-ers.infd.edu.ar\/sitio\/wp-content\/uploads\/2018\/11\/35-1000x750.jpeg 1000w, https:\/\/ensmm-ers.infd.edu.ar\/sitio\/wp-content\/uploads\/2018\/11\/35-768x576.jpeg 768w, https:\/\/ensmm-ers.infd.edu.ar\/sitio\/wp-content\/uploads\/2018\/11\/35.jpeg 1032w\" sizes=\"(max-width: 1000px) 100vw, 1000px\" \/><\/a>\n\t\t\t<\/div><\/figure><figure class='gallery-item'>\n\t\t\t<div class='gallery-icon landscape'>\n\t\t\t\t<a href='https:\/\/ensmm-ers.infd.edu.ar\/sitio\/con-gran-exito-se-celebro-por-primera-vez-el-dia-de-la-filosofia-en-la-normal\/attachment\/41\/#main'><img width=\"1000\" height=\"750\" src=\"https:\/\/ensmm-ers.infd.edu.ar\/sitio\/wp-content\/uploads\/2018\/11\/41-1000x750.jpeg\" class=\"attachment-medium size-medium\" alt=\"\" decoding=\"async\" loading=\"lazy\" srcset=\"https:\/\/ensmm-ers.infd.edu.ar\/sitio\/wp-content\/uploads\/2018\/11\/41-1000x750.jpeg 1000w, https:\/\/ensmm-ers.infd.edu.ar\/sitio\/wp-content\/uploads\/2018\/11\/41-768x576.jpeg 768w, https:\/\/ensmm-ers.infd.edu.ar\/sitio\/wp-content\/uploads\/2018\/11\/41.jpeg 1280w\" sizes=\"(max-width: 1000px) 100vw, 1000px\" \/><\/a>\n\t\t\t<\/div><\/figure><figure class='gallery-item'>\n\t\t\t<div class='gallery-icon landscape'>\n\t\t\t\t<a href='https:\/\/ensmm-ers.infd.edu.ar\/sitio\/con-gran-exito-se-celebro-por-primera-vez-el-dia-de-la-filosofia-en-la-normal\/attachment\/43\/#main'><img width=\"1000\" height=\"750\" src=\"https:\/\/ensmm-ers.infd.edu.ar\/sitio\/wp-content\/uploads\/2018\/11\/43-1000x750.jpg\" class=\"attachment-medium size-medium\" alt=\"\" decoding=\"async\" loading=\"lazy\" srcset=\"https:\/\/ensmm-ers.infd.edu.ar\/sitio\/wp-content\/uploads\/2018\/11\/43-1000x750.jpg 1000w, https:\/\/ensmm-ers.infd.edu.ar\/sitio\/wp-content\/uploads\/2018\/11\/43-768x576.jpg 768w, https:\/\/ensmm-ers.infd.edu.ar\/sitio\/wp-content\/uploads\/2018\/11\/43.jpg 1032w\" sizes=\"(max-width: 1000px) 100vw, 1000px\" \/><\/a>\n\t\t\t<\/div><\/figure><figure class='gallery-item'>\n\t\t\t<div class='gallery-icon portrait'>\n\t\t\t\t<a href='https:\/\/ensmm-ers.infd.edu.ar\/sitio\/con-gran-exito-se-celebro-por-primera-vez-el-dia-de-la-filosofia-en-la-normal\/attachment\/42\/#main'><img width=\"562\" height=\"1000\" src=\"https:\/\/ensmm-ers.infd.edu.ar\/sitio\/wp-content\/uploads\/2018\/11\/42-562x1000.jpeg\" class=\"attachment-medium size-medium\" alt=\"\" decoding=\"async\" loading=\"lazy\" srcset=\"https:\/\/ensmm-ers.infd.edu.ar\/sitio\/wp-content\/uploads\/2018\/11\/42-562x1000.jpeg 562w, https:\/\/ensmm-ers.infd.edu.ar\/sitio\/wp-content\/uploads\/2018\/11\/42.jpeg 719w\" sizes=\"(max-width: 562px) 100vw, 562px\" \/><\/a>\n\t\t\t<\/div><\/figure><figure class='gallery-item'>\n\t\t\t<div class='gallery-icon landscape'>\n\t\t\t\t<a href='https:\/\/ensmm-ers.infd.edu.ar\/sitio\/con-gran-exito-se-celebro-por-primera-vez-el-dia-de-la-filosofia-en-la-normal\/img-20181121-wa0017-2\/#main'><img width=\"1000\" height=\"750\" src=\"https:\/\/ensmm-ers.infd.edu.ar\/sitio\/wp-content\/uploads\/2018\/11\/IMG-20181121-WA0017-1-1000x750.jpg\" class=\"attachment-medium size-medium\" alt=\"\" decoding=\"async\" loading=\"lazy\" srcset=\"https:\/\/ensmm-ers.infd.edu.ar\/sitio\/wp-content\/uploads\/2018\/11\/IMG-20181121-WA0017-1-1000x750.jpg 1000w, https:\/\/ensmm-ers.infd.edu.ar\/sitio\/wp-content\/uploads\/2018\/11\/IMG-20181121-WA0017-1-768x576.jpg 768w, https:\/\/ensmm-ers.infd.edu.ar\/sitio\/wp-content\/uploads\/2018\/11\/IMG-20181121-WA0017-1.jpg 1040w\" sizes=\"(max-width: 1000px) 100vw, 1000px\" \/><\/a>\n\t\t\t<\/div><\/figure>\n\t\t<\/div>\n\n<p><img decoding=\"async\" loading=\"lazy\" class=\"alignnone wp-image-1685\" src=\"https:\/\/ensmm-ers.infd.edu.ar\/sitio\/wp-content\/uploads\/2018\/11\/cierre-1000x166.jpeg\" alt=\"\" width=\"1421\" height=\"237\" srcset=\"https:\/\/ensmm-ers.infd.edu.ar\/sitio\/wp-content\/uploads\/2018\/11\/cierre-1000x166.jpeg 1000w, https:\/\/ensmm-ers.infd.edu.ar\/sitio\/wp-content\/uploads\/2018\/11\/cierre-768x128.jpeg 768w, https:\/\/ensmm-ers.infd.edu.ar\/sitio\/wp-content\/uploads\/2018\/11\/cierre.jpeg 1280w\" sizes=\"(max-width: 1421px) 100vw, 1421px\" \/><\/p>\n<div style=\"width: 640px;\" class=\"wp-video\"><!--[if lt IE 9]><script>document.createElement('video');<\/script><![endif]-->\n<video class=\"wp-video-shortcode\" id=\"video-1658-1\" width=\"640\" height=\"352\" loop=\"1\" preload=\"metadata\" controls=\"controls\"><source type=\"video\/mp4\" src=\"https:\/\/ensmm-ers.infd.edu.ar\/sitio\/wp-content\/uploads\/2018\/11\/Otro-Video.mp4?_=1\" \/><a href=\"https:\/\/ensmm-ers.infd.edu.ar\/sitio\/wp-content\/uploads\/2018\/11\/Otro-Video.mp4\">https:\/\/ensmm-ers.infd.edu.ar\/sitio\/wp-content\/uploads\/2018\/11\/Otro-Video.mp4<\/a><\/video><\/div>\n<div style=\"width: 640px;\" class=\"wp-video\"><video class=\"wp-video-shortcode\" id=\"video-1658-2\" width=\"640\" height=\"352\" preload=\"metadata\" controls=\"controls\"><source type=\"video\/mp4\" src=\"https:\/\/ensmm-ers.infd.edu.ar\/sitio\/wp-content\/uploads\/2018\/11\/Video.mp4?_=2\" \/><a href=\"https:\/\/ensmm-ers.infd.edu.ar\/sitio\/wp-content\/uploads\/2018\/11\/Video.mp4\">https:\/\/ensmm-ers.infd.edu.ar\/sitio\/wp-content\/uploads\/2018\/11\/Video.mp4<\/a><\/video><\/div>\n","protected":false},"excerpt":{"rendered":"<p>El D\u00eda Mundial de la Filosof\u00eda se celebr\u00f3 por primera vez en Concepci\u00f3n del Uruguay desde que la UNESCO lo propuso en 2005. El jueves 15 de noviembre se desarrollaron numerosas actividades simult\u00e1neas en el edificio de la Escuela Normal, sede del Profesorado de Filosof\u00eda, con una importante afluencia de p\u00fablico. Hubo charlas y conferencias, &#8230; <a title=\"Con gran \u00e9xito se celebr\u00f3 por primera vez el \u201cD\u00eda de la Filosof\u00eda\u201d en la Normal\" class=\"read-more\" href=\"https:\/\/ensmm-ers.infd.edu.ar\/sitio\/con-gran-exito-se-celebro-por-primera-vez-el-dia-de-la-filosofia-en-la-normal\/\" aria-label=\"More on Con gran \u00e9xito se celebr\u00f3 por primera vez el \u201cD\u00eda de la Filosof\u00eda\u201d en la Normal\">[+]<\/a><\/p>\n","protected":false},"author":577,"featured_media":1674,"comment_status":"open","ping_status":"open","sticky":false,"template":"","format":"standard","meta":[],"categories":[102,101,100],"tags":[],"acf":[],"_links":{"self":[{"href":"https:\/\/ensmm-ers.infd.edu.ar\/sitio\/wp-json\/wp\/v2\/posts\/1658"}],"collection":[{"href":"https:\/\/ensmm-ers.infd.edu.ar\/sitio\/wp-json\/wp\/v2\/posts"}],"about":[{"href":"https:\/\/ensmm-ers.infd.edu.ar\/sitio\/wp-json\/wp\/v2\/types\/post"}],"author":[{"embeddable":true,"href":"https:\/\/ensmm-ers.infd.edu.ar\/sitio\/wp-json\/wp\/v2\/users\/577"}],"replies":[{"embeddable":true,"href":"https:\/\/ensmm-ers.infd.edu.ar\/sitio\/wp-json\/wp\/v2\/comments?post=1658"}],"version-history":[{"count":5,"href":"https:\/\/ensmm-ers.infd.edu.ar\/sitio\/wp-json\/wp\/v2\/posts\/1658\/revisions"}],"predecessor-version":[{"id":1710,"href":"https:\/\/ensmm-ers.infd.edu.ar\/sitio\/wp-json\/wp\/v2\/posts\/1658\/revisions\/1710"}],"wp:featuredmedia":[{"embeddable":true,"href":"https:\/\/ensmm-ers.infd.edu.ar\/sitio\/wp-json\/wp\/v2\/media\/1674"}],"wp:attachment":[{"href":"https:\/\/ensmm-ers.infd.edu.ar\/sitio\/wp-json\/wp\/v2\/media?parent=1658"}],"wp:term":[{"taxonomy":"category","embeddable":true,"href":"https:\/\/ensmm-ers.infd.edu.ar\/sitio\/wp-json\/wp\/v2\/categories?post=1658"},{"taxonomy":"post_tag","embeddable":true,"href":"https:\/\/ensmm-ers.infd.edu.ar\/sitio\/wp-json\/wp\/v2\/tags?post=1658"}],"curies":[{"name":"wp","href":"https:\/\/api.w.org\/{rel}","templated":true}]}}