{"id":1454,"date":"2018-09-04T17:51:05","date_gmt":"2018-09-04T20:51:05","guid":{"rendered":"https:\/\/ensmm-ers.infd.edu.ar\/sitio\/?p=1454"},"modified":"2018-09-04T17:51:05","modified_gmt":"2018-09-04T20:51:05","slug":"la-promocion-de-la-resiliencia-en-adolescentes-y-ninos-as-en-vulnerabilidad-social","status":"publish","type":"post","link":"https:\/\/ensmm-ers.infd.edu.ar\/sitio\/la-promocion-de-la-resiliencia-en-adolescentes-y-ninos-as-en-vulnerabilidad-social\/","title":{"rendered":"La Promoci\u00f3n de la Resiliencia en adolescentes y ni\u00f1os\/as en vulnerabilidad social"},"content":{"rendered":"<p>Las estrategias l\u00fadicas como t\u00e9cnicas o recursos did\u00e1cticos, para el aprendizaje de temas complejos. En este caso \u00abLa Promoci\u00f3n de la Resiliencia en adolescentes y ni\u00f1os\/as en vulnerabilidad social\u00bb, de Valeria Llobet. En Psicolog\u00eda de la Educaci\u00f3n, 2do del P. De Tecnolog\u00eda.<\/p>\n<p><img decoding=\"async\" loading=\"lazy\" class=\"alignnone size-medium wp-image-1455 aligncenter\" src=\"https:\/\/ensmm-ers.infd.edu.ar\/sitio\/wp-content\/uploads\/2018\/09\/1-4-1000x750.jpeg\" alt=\"\" width=\"1000\" height=\"750\" srcset=\"https:\/\/ensmm-ers.infd.edu.ar\/sitio\/wp-content\/uploads\/2018\/09\/1-4-1000x750.jpeg 1000w, https:\/\/ensmm-ers.infd.edu.ar\/sitio\/wp-content\/uploads\/2018\/09\/1-4-768x576.jpeg 768w, https:\/\/ensmm-ers.infd.edu.ar\/sitio\/wp-content\/uploads\/2018\/09\/1-4.jpeg 1032w\" sizes=\"(max-width: 1000px) 100vw, 1000px\" \/><\/p>\n","protected":false},"excerpt":{"rendered":"<p>Las estrategias l\u00fadicas como t\u00e9cnicas o recursos did\u00e1cticos, para el aprendizaje de temas complejos. En este caso \u00abLa Promoci\u00f3n de la Resiliencia en adolescentes y ni\u00f1os\/as en vulnerabilidad social\u00bb, de Valeria Llobet. En Psicolog\u00eda de la Educaci\u00f3n, 2do del P. De Tecnolog\u00eda.<\/p>\n","protected":false},"author":577,"featured_media":0,"comment_status":"open","ping_status":"open","sticky":false,"template":"","format":"standard","meta":[],"categories":[122],"tags":[],"acf":[],"_links":{"self":[{"href":"https:\/\/ensmm-ers.infd.edu.ar\/sitio\/wp-json\/wp\/v2\/posts\/1454"}],"collection":[{"href":"https:\/\/ensmm-ers.infd.edu.ar\/sitio\/wp-json\/wp\/v2\/posts"}],"about":[{"href":"https:\/\/ensmm-ers.infd.edu.ar\/sitio\/wp-json\/wp\/v2\/types\/post"}],"author":[{"embeddable":true,"href":"https:\/\/ensmm-ers.infd.edu.ar\/sitio\/wp-json\/wp\/v2\/users\/577"}],"replies":[{"embeddable":true,"href":"https:\/\/ensmm-ers.infd.edu.ar\/sitio\/wp-json\/wp\/v2\/comments?post=1454"}],"version-history":[{"count":1,"href":"https:\/\/ensmm-ers.infd.edu.ar\/sitio\/wp-json\/wp\/v2\/posts\/1454\/revisions"}],"predecessor-version":[{"id":1456,"href":"https:\/\/ensmm-ers.infd.edu.ar\/sitio\/wp-json\/wp\/v2\/posts\/1454\/revisions\/1456"}],"wp:attachment":[{"href":"https:\/\/ensmm-ers.infd.edu.ar\/sitio\/wp-json\/wp\/v2\/media?parent=1454"}],"wp:term":[{"taxonomy":"category","embeddable":true,"href":"https:\/\/ensmm-ers.infd.edu.ar\/sitio\/wp-json\/wp\/v2\/categories?post=1454"},{"taxonomy":"post_tag","embeddable":true,"href":"https:\/\/ensmm-ers.infd.edu.ar\/sitio\/wp-json\/wp\/v2\/tags?post=1454"}],"curies":[{"name":"wp","href":"https:\/\/api.w.org\/{rel}","templated":true}]}}